{"id":60125,"date":"2026-09-05T14:31:20","date_gmt":"2026-09-05T12:31:20","guid":{"rendered":"https:\/\/etpourtantcatourne.corsica\/?p=60125"},"modified":"2026-09-05T14:31:20","modified_gmt":"2026-09-05T12:31:20","slug":"histoires-paralleles","status":"publish","type":"post","link":"https:\/\/etpourtantcatourne.corsica\/index.php\/2026\/09\/05\/histoires-paralleles\/","title":{"rendered":"HISTOIRES PARALL\u00c8LES"},"content":{"rendered":"<p>[vc_row][vc_column][vc_column_text css=\".vc_custom_1788610787272{margin-top: -10px !important;}\"]<\/p>\n<h1><\/h1>\n<p>&nbsp;<\/p>\n<h1 style=\"text-align: center;\"><span style=\"color: #ff6600;\"><strong>\"HISTOIRES PARALL\u00c8LES\"<\/strong><\/span><\/h1>\n<h3 style=\"text-align: center;\"><span style=\"color: #ff6600;\"><strong>d'Asghar FARHADI<\/strong><\/span><\/h3>\n<h2 style=\"text-align: center;\"><span style=\"color: #0000ff;\">Cin\u00e9ma Le FOGATA - Lisula<\/span><\/h2>\n<h1 style=\"text-align: center;\"><strong><span style=\"color: #0000ff;\">Mardi 22 septembre 2026 \u00e0 20 h 30<\/span><\/strong><\/h1>\n<p>[\/vc_column_text][vc_column_text css=\".vc_custom_1788610936249{border-top-width: 2px !important;border-right-width: 2px !important;border-bottom-width: 2px !important;border-left-width: 2px !important;padding-top: 0px !important;padding-bottom: 0px !important;border-left-color: #53545e !important;border-left-style: solid !important;border-right-color: #53545e !important;border-right-style: solid !important;border-top-color: #53545e !important;border-top-style: solid !important;border-bottom-color: #53545e !important;border-bottom-style: solid !important;}\"]<\/p>\n<p style=\"text-align: center;\"><em>Comme chaque \u00e9t\u00e9, les touristes \u00e9taient l\u00e0 pour d\u00e9couvrir la Corse.<\/em><\/p>\n<p style=\"text-align: center;\"><em>Nous, nous avons cherch\u00e9 aussi un d\u00e9paysement.<\/em><\/p>\n<p style=\"text-align: center;\"><em>Notre festival \u00e9clat\u00e9 (et \u00e9clatant) <strong>T\u00f9 Si...7,<\/strong>\u00a0<\/em><\/p>\n<p style=\"text-align: center;\"><em>du mois de juillet \u00e0 ao\u00fbt dernier s'est cl\u00f4tur\u00e9 par l\u2019extraordinaire film\u00a0<\/em><\/p>\n<p style=\"text-align: center;\"><em>de <strong>Pierre Salvadori<\/strong>, <strong>La V\u00e9nus \u00c9lectrique<\/strong>, en sa pr\u00e9sence.\u00a0<\/em><\/p>\n<p style=\"text-align: center;\"><em>Cette belle soir\u00e9e a laiss\u00e9 les spectateurs scotch\u00e9s d\u2019\u00e9motion.<\/em><\/p>\n<p style=\"text-align: center;\"><em>Nous reprenons maintenant\u00a0nos quartiers d'automne...<\/em><em>, les mardis....<\/em><\/p>\n<p style=\"text-align: center;\"><em>avec \u00ab l\u2019ailleurs et l\u2019autrement \u00bb toujours en t\u00eate.<\/em><\/p>\n<p style=\"text-align: center;\"><em>Le mardi soir <strong>22 septembre<\/strong> \u00e0 <strong>20h30,\u00a0<\/strong>EP\u00c7T commence sa saison au FOGATA, avec un film de l\u2019iranien, Asghar Farhadi,<\/em><\/p>\n<p style=\"text-align: center;\"><em><strong>Histoires Parall\u00e8les<\/strong>,<\/em><\/p>\n<p style=\"text-align: center;\"><em>pr\u00e9sent\u00e9 en comp\u00e9tition au Festival de Cannes 2026.<\/em><\/p>\n<p style=\"text-align: center;\"><em>Il s'agit du deuxi\u00e8me long m\u00e9trage du cin\u00e9aste iranien avec un casting fran\u00e7ais \u2013 et quel casting !! Catherine Deneuve, Isabelle Huppert, Pierre Niney, Virginie Efira, et Vincent Cassel !!\u00a0 Le r\u00e9alisateur iranien signe un drame brillamment construit, au sc\u00e9nario vertigineux, une p\u00e9pite \u00e0 d\u00e9couvrir.<\/em><\/p>\n<p style=\"text-align: center;\"><strong id=\"m_1157080023342272727isPasted\">Comme le film dure 2h19,\u00a0<\/strong><\/p>\n<p style=\"text-align: center;\"><strong>exceptionnellement, il n\u2019y aura pas de repas avant.\u00a0<\/strong><\/p>\n<p>[\/vc_column_text][vc_column_text css=\".vc_custom_1732799887154{margin-top: -10px !important;}\"][\/vc_column_text][vc_empty_space height=\"20px\"][\/vc_column][\/vc_row][vc_row][vc_column][vc_row_inner content_placement=\"middle\"][vc_column_inner width=\"1\/2\"][vc_single_image image=\"60126\" img_size=\"300x450\" alignment=\"center\" onclick=\"img_link_large\" img_link_target=\"_blank\"][\/vc_column_inner][vc_column_inner width=\"1\/2\"][vc_column_text]<\/p>\n<p style=\"text-align: center;\"><span style=\"color: #ff6600;\"><strong><em>\"HISTOIRES PARALL\u00c8LES\" de Asghar FARHADI<\/em><\/strong><\/span><\/p>\n<p style=\"text-align: center;\"><span style=\"color: #ff6600;\"><em>Drame : 2h19 - France<\/em><\/span><\/p>\n<p style=\"text-align: center;\"><span style=\"color: #ff6600;\"><em>Avec : Isabelle HUPPERT, Virginie EFIRA, Pierre NINEY, Vincent CASSEL, Adam BESSA, Catherine DENEUVE, India HAIR, Fran\u00e7ois DELAIVE.<\/em><\/span><\/p>\n<p style=\"text-align: center;\"><span style=\"color: #ff6600;\"><em>Sortie France le 14 mai 2026<\/em><\/span><\/p>\n<p>[\/vc_column_text][\/vc_column_inner][\/vc_row_inner][\/vc_column][\/vc_row][vc_row][vc_column][vc_column_text css=\".vc_custom_1788611246577{border-top-width: 2px !important;border-right-width: 2px !important;border-bottom-width: 2px !important;border-left-width: 2px !important;border-left-color: #ff6600 !important;border-left-style: solid !important;border-right-color: #ff6600 !important;border-right-style: solid !important;border-top-color: #ff6600 !important;border-top-style: solid !important;border-bottom-color: #ff6600 !important;border-bottom-style: solid !important;}\"]<\/p>\n<p style=\"color: #ff6600; text-align: center;\"><strong>SYNOPSIS<\/strong><\/p>\n<p style=\"text-align: center;\"><em>En qu\u00eate d\u2019inspiration pour son nouveau roman, Sylvie espionne ses voisins d\u2019en face. Quand elle engage le jeune Adam pour l\u2019aider dans son quotidien, elle ignore que celui-ci va bouleverser sa vie et son travail, jusqu\u2019\u00e0 ce que la fiction qu\u2019elle avait imagin\u00e9e d\u00e9passe leur r\u00e9alit\u00e9 \u00e0 tous.<\/em><\/p>\n<p style=\"text-align: center;\"><em>Remake de \"Br\u00e8ve histoire d'amour\" de Krzysztof Kie\u015blowski, ce drame met en sc\u00e8ne le destin crois\u00e9 de plusieurs personnages, \u00e0 commencer par Sylvie (Isabelle Huppert),<\/em><\/p>\n<p style=\"text-align: center;\"><em>\u00a0une romanci\u00e8re en panne d'inspiration, clo\u00eetr\u00e9e dans son appartement.\u00a0<\/em><\/p>\n<p style=\"text-align: center;\"><em>Obs\u00e9d\u00e9e par ses voisins d'en face, trois bruiteurs pour le cin\u00e9ma, Pierre Niney, Virginie Efira et Vincent Cassel, elle r\u00e9invente leurs vies depuis sa fen\u00eatre.<\/em><\/p>\n<p style=\"text-align: center;\"><em>Lorsqu'elle engage Adam (Adam Bessa), un jeune marginal, pour ranger son appartement, l'autrice va transmettre son go\u00fbt pour le voyeurisme et l'imagination \u00e0 son jeune locataire. Mais comment respecter les fronti\u00e8res entre la r\u00e9alit\u00e9 et la fiction ?\u00a0<\/em><\/p>\n<p style=\"text-align: center;\"><em>\u00ab La jalousie, la trahison, le d\u00e9sir, la solitude, la v\u00e9rit\u00e9\u2026 Jafar Farhadi poursuit son exploration des relations humaines, et du couple, cette fois dans une \u00a0mise en sc\u00e8ne ludique qui interroge aussi le spectateur sur sa propre place dans son exp\u00e9rience du cin\u00e9ma, en lui donnant \u00e0 voir les coulisses de la fabrique fictionnelle. \u00bb (Franceinfo culture)\u00a0<\/em><\/p>\n<p style=\"text-align: center;\"><em>\u00ab Hitchcockien dans l'\u00e2me, le film invite le spectateur \u00e0 s'interroger sur sa propre posture de voyeur. Efira est troublante, Huppert imp\u00e9riale. \u2026\u2026prenant. \u00bb (Rideau sur l\u2019\u00c9cran)<\/em><\/p>\n<p>[\/vc_column_text][vc_column_text]<\/p>\n<p style=\"text-align: left;\">Bande-annonce :<\/p>\n<p><iframe loading=\"lazy\" title=\"YouTube video player\" src=\"https:\/\/www.youtube.com\/embed\/SXuLiRIkVkw\" width=\"640\" height=\"360\" frameborder=\"0\" allowfullscreen=\"allowfullscreen\"><\/iframe>[\/vc_column_text][vc_column_text][\/vc_column_text][\/vc_column][\/vc_row][vc_row][vc_column][vc_row_inner][vc_column_inner][vc_column_text][\/vc_column_text][vc_column_text css=\".vc_custom_1775139544586{border-top-width: 2px !important;border-right-width: 2px !important;border-bottom-width: 2px !important;border-left-width: 2px !important;border-left-color: #3361ad !important;border-left-style: solid !important;border-right-color: #3361ad !important;border-right-style: solid !important;border-top-color: #3361ad !important;border-top-style: solid !important;border-bottom-color: #3361ad !important;border-bottom-style: solid !important;}\"]<\/p>\n<p style=\"text-align: center;\"><strong>Petit rappel, et... petite information n\u00e9cessaire.<\/strong><\/p>\n<p style=\"text-align: center;\"><strong>Pour vos adh\u00e9sions, l'adresse du site helloasso fonctionne :<\/strong><\/p>\n<p style=\"text-align: center;\"><a href=\"https:\/\/www.helloasso.com\/associations\/association-et-pourtant-ca-tourne\/adhesions\/2026\" target=\"_blank\" rel=\"noopener\">https:\/\/www.helloasso.com\/associations\/association-et-pourtant-ca-tourne\/adhesions\/<strong>2026<\/strong><\/a><\/p>\n<p>&nbsp;<\/p>\n<p style=\"text-align: center;\"><span style=\"color: #f81377;\"><strong>Adh\u00e9rez !!!<\/strong><\/span><\/p>\n<p style=\"text-align: center;\">B\u00e9n\u00e9ficiez de tarifs sp\u00e9ciaux lors des s\u00e9ances de l'Association,...<\/p>\n<p style=\"text-align: center;\">B\u00e9n\u00e9ficiez du tarif r\u00e9duit au Cin\u00e9ma le Fogata,...<\/p>\n<p style=\"text-align: center;\">B\u00e9n\u00e9ficiez de gratuit\u00e9 lors du festival \"Tu Si\",...<\/p>\n<p style=\"text-align: center;\">Soutenez les actions de l'Association qui ne pourraient exister sans vous !!<\/p>\n<p>&nbsp;<\/p>\n<div style=\"text-align: center;\"><span style=\"color: #333333;\"><i>Prenez vos adh\u00e9sions sur HelloAsso, c'est plus simple pour nous comme pour vous, et cela \u00e9vite les erreurs de retranscriptions.<\/i><\/span><\/div>\n<div style=\"text-align: center;\"><span style=\"color: #333333;\"><i>Certains nous donnent un peu plus, merci d'avance !!<\/i><\/span><\/div>\n<div style=\"text-align: center;\"><span style=\"color: #333333;\"><i>Vous pouvez ne pas payer plus cher, en d\u00e9cochant la case attribu\u00e9e \u00e0 Helloasso.<\/i><\/span><\/div>\n<div style=\"text-align: center;\"><span style=\"color: #333333;\">Vous pourrez r\u00e9cup\u00e9rer votre carte lors de la prochaine s\u00e9ance EP\u00c7T<\/span><\/div>\n<p>[\/vc_column_text][\/vc_column_inner][\/vc_row_inner][\/vc_column][\/vc_row]<\/p>\n","protected":false},"excerpt":{"rendered":"<p>Duis ornare, est at lobortis mollis - libero mollis  facilisis dolorus urabitur orci, vitae congue neque lectus neque. Aliquam lorem ipsum amet dolor ultrices erat.<\/p>\n","protected":false},"author":1,"featured_media":60126,"comment_status":"open","ping_status":"open","sticky":false,"template":"","format":"standard","meta":{"footnotes":""},"categories":[542,536],"tags":[],"class_list":["post-60125","post","type-post","status-publish","format-standard","has-post-thumbnail","hentry","category-542","category-news","category-536","description-off"],"yoast_head":"<!-- This site is optimized with the Yoast SEO plugin v19.14 - https:\/\/yoast.com\/wordpress\/plugins\/seo\/ -->\n<title>HISTOIRES PARALL\u00c8LES - Et pourtant \u00e7a tourne<\/title>\n<meta name=\"robots\" content=\"index, follow, max-snippet:-1, max-image-preview:large, max-video-preview:-1\" \/>\n<link rel=\"canonical\" href=\"https:\/\/etpourtantcatourne.corsica\/index.php\/2026\/09\/05\/histoires-paralleles\/\" \/>\n<meta property=\"og:locale\" content=\"fr_FR\" \/>\n<meta property=\"og:type\" content=\"article\" \/>\n<meta property=\"og:title\" content=\"HISTOIRES PARALL\u00c8LES - Et pourtant \u00e7a tourne\" \/>\n<meta property=\"og:description\" content=\"Duis ornare, est at lobortis mollis - libero mollis facilisis dolorus urabitur orci, vitae congue neque lectus neque. Aliquam lorem ipsum amet dolor ultrices erat.\" \/>\n<meta property=\"og:url\" content=\"https:\/\/etpourtantcatourne.corsica\/index.php\/2026\/09\/05\/histoires-paralleles\/\" \/>\n<meta property=\"og:site_name\" content=\"Et pourtant \u00e7a tourne\" \/>\n<meta property=\"article:publisher\" content=\"https:\/\/www.facebook.com\/epct.etpourtantcatourne\/\" \/>\n<meta property=\"article:published_time\" content=\"2026-09-05T12:31:20+00:00\" \/>\n<meta property=\"og:image\" content=\"https:\/\/etpourtantcatourne.corsica\/www\/wp-content\/uploads\/2026\/09\/2026-09-22-affiche-histoires-paralleles.jpg\" \/>\n\t<meta property=\"og:image:width\" content=\"1181\" \/>\n\t<meta property=\"og:image:height\" content=\"1575\" \/>\n\t<meta property=\"og:image:type\" content=\"image\/jpeg\" \/>\n<meta name=\"author\" content=\"etpourtantcatourne@gmail.com\" \/>\n<meta name=\"twitter:card\" content=\"summary_large_image\" \/>\n<meta name=\"twitter:label1\" content=\"\u00c9crit par\" \/>\n\t<meta name=\"twitter:data1\" content=\"etpourtantcatourne@gmail.com\" \/>\n\t<meta name=\"twitter:label2\" content=\"Dur\u00e9e de lecture estim\u00e9e\" \/>\n\t<meta name=\"twitter:data2\" content=\"4 minutes\" \/>\n<script type=\"application\/ld+json\" class=\"yoast-schema-graph\">{\"@context\":\"https:\/\/schema.org\",\"@graph\":[{\"@type\":\"Article\",\"@id\":\"https:\/\/etpourtantcatourne.corsica\/index.php\/2026\/09\/05\/histoires-paralleles\/#article\",\"isPartOf\":{\"@id\":\"https:\/\/etpourtantcatourne.corsica\/index.php\/2026\/09\/05\/histoires-paralleles\/\"},\"author\":{\"name\":\"etpourtantcatourne@gmail.com\",\"@id\":\"https:\/\/etpourtantcatourne.corsica\/#\/schema\/person\/a6d8efe18431008c089eb97c639ac06c\"},\"headline\":\"HISTOIRES PARALL\u00c8LES\",\"datePublished\":\"2026-09-05T12:31:20+00:00\",\"dateModified\":\"2026-09-05T12:31:20+00:00\",\"mainEntityOfPage\":{\"@id\":\"https:\/\/etpourtantcatourne.corsica\/index.php\/2026\/09\/05\/histoires-paralleles\/\"},\"wordCount\":891,\"commentCount\":0,\"publisher\":{\"@id\":\"https:\/\/etpourtantcatourne.corsica\/#organization\"},\"articleSection\":[\"2026\",\"News\"],\"inLanguage\":\"fr-FR\",\"potentialAction\":[{\"@type\":\"CommentAction\",\"name\":\"Comment\",\"target\":[\"https:\/\/etpourtantcatourne.corsica\/index.php\/2026\/09\/05\/histoires-paralleles\/#respond\"]}]},{\"@type\":\"WebPage\",\"@id\":\"https:\/\/etpourtantcatourne.corsica\/index.php\/2026\/09\/05\/histoires-paralleles\/\",\"url\":\"https:\/\/etpourtantcatourne.corsica\/index.php\/2026\/09\/05\/histoires-paralleles\/\",\"name\":\"HISTOIRES PARALL\u00c8LES - Et pourtant \u00e7a tourne\",\"isPartOf\":{\"@id\":\"https:\/\/etpourtantcatourne.corsica\/#website\"},\"datePublished\":\"2026-09-05T12:31:20+00:00\",\"dateModified\":\"2026-09-05T12:31:20+00:00\",\"breadcrumb\":{\"@id\":\"https:\/\/etpourtantcatourne.corsica\/index.php\/2026\/09\/05\/histoires-paralleles\/#breadcrumb\"},\"inLanguage\":\"fr-FR\",\"potentialAction\":[{\"@type\":\"ReadAction\",\"target\":[\"https:\/\/etpourtantcatourne.corsica\/index.php\/2026\/09\/05\/histoires-paralleles\/\"]}]},{\"@type\":\"BreadcrumbList\",\"@id\":\"https:\/\/etpourtantcatourne.corsica\/index.php\/2026\/09\/05\/histoires-paralleles\/#breadcrumb\",\"itemListElement\":[{\"@type\":\"ListItem\",\"position\":1,\"name\":\"Accueil\",\"item\":\"https:\/\/etpourtantcatourne.corsica\/\"},{\"@type\":\"ListItem\",\"position\":2,\"name\":\"HISTOIRES PARALL\u00c8LES\"}]},{\"@type\":\"WebSite\",\"@id\":\"https:\/\/etpourtantcatourne.corsica\/#website\",\"url\":\"https:\/\/etpourtantcatourne.corsica\/\",\"name\":\"Et pourtant \u00e7a tourne\",\"description\":\"\",\"publisher\":{\"@id\":\"https:\/\/etpourtantcatourne.corsica\/#organization\"},\"potentialAction\":[{\"@type\":\"SearchAction\",\"target\":{\"@type\":\"EntryPoint\",\"urlTemplate\":\"https:\/\/etpourtantcatourne.corsica\/?s={search_term_string}\"},\"query-input\":\"required name=search_term_string\"}],\"inLanguage\":\"fr-FR\"},{\"@type\":\"Organization\",\"@id\":\"https:\/\/etpourtantcatourne.corsica\/#organization\",\"name\":\"Et pourtant \u00e7a tourne\",\"url\":\"https:\/\/etpourtantcatourne.corsica\/\",\"logo\":{\"@type\":\"ImageObject\",\"inLanguage\":\"fr-FR\",\"@id\":\"https:\/\/etpourtantcatourne.corsica\/#\/schema\/logo\/image\/\",\"url\":\"https:\/\/etpourtantcatourne.corsica\/www\/wp-content\/uploads\/2023\/01\/etpourtantcatourne-1920-1.jpg\",\"contentUrl\":\"https:\/\/etpourtantcatourne.corsica\/www\/wp-content\/uploads\/2023\/01\/etpourtantcatourne-1920-1.jpg\",\"width\":779,\"height\":557,\"caption\":\"Et pourtant \u00e7a tourne\"},\"image\":{\"@id\":\"https:\/\/etpourtantcatourne.corsica\/#\/schema\/logo\/image\/\"},\"sameAs\":[\"https:\/\/www.facebook.com\/epct.etpourtantcatourne\/\"]},{\"@type\":\"Person\",\"@id\":\"https:\/\/etpourtantcatourne.corsica\/#\/schema\/person\/a6d8efe18431008c089eb97c639ac06c\",\"name\":\"etpourtantcatourne@gmail.com\",\"image\":{\"@type\":\"ImageObject\",\"inLanguage\":\"fr-FR\",\"@id\":\"https:\/\/etpourtantcatourne.corsica\/#\/schema\/person\/image\/\",\"url\":\"https:\/\/secure.gravatar.com\/avatar\/a1b5d73ec7ec7aebe45e2b037a28f632c0bc3d218eba31b9bb0face2e66b128a?s=96&d=mm&r=g\",\"contentUrl\":\"https:\/\/secure.gravatar.com\/avatar\/a1b5d73ec7ec7aebe45e2b037a28f632c0bc3d218eba31b9bb0face2e66b128a?s=96&d=mm&r=g\",\"caption\":\"etpourtantcatourne@gmail.com\"},\"sameAs\":[\"http:\/\/gjughcs.cluster031.hosting.ovh.net\"],\"url\":\"https:\/\/etpourtantcatourne.corsica\/index.php\/author\/admin3579\/\"}]}<\/script>\n<!-- \/ Yoast SEO plugin. -->","yoast_head_json":{"title":"HISTOIRES PARALL\u00c8LES - Et pourtant \u00e7a tourne","robots":{"index":"index","follow":"follow","max-snippet":"max-snippet:-1","max-image-preview":"max-image-preview:large","max-video-preview":"max-video-preview:-1"},"canonical":"https:\/\/etpourtantcatourne.corsica\/index.php\/2026\/09\/05\/histoires-paralleles\/","og_locale":"fr_FR","og_type":"article","og_title":"HISTOIRES PARALL\u00c8LES - Et pourtant \u00e7a tourne","og_description":"Duis ornare, est at lobortis mollis - libero mollis facilisis dolorus urabitur orci, vitae congue neque lectus neque. Aliquam lorem ipsum amet dolor ultrices erat.","og_url":"https:\/\/etpourtantcatourne.corsica\/index.php\/2026\/09\/05\/histoires-paralleles\/","og_site_name":"Et pourtant \u00e7a tourne","article_publisher":"https:\/\/www.facebook.com\/epct.etpourtantcatourne\/","article_published_time":"2026-09-05T12:31:20+00:00","og_image":[{"width":1181,"height":1575,"url":"https:\/\/etpourtantcatourne.corsica\/www\/wp-content\/uploads\/2026\/09\/2026-09-22-affiche-histoires-paralleles.jpg","type":"image\/jpeg"}],"author":"etpourtantcatourne@gmail.com","twitter_card":"summary_large_image","twitter_misc":{"\u00c9crit par":"etpourtantcatourne@gmail.com","Dur\u00e9e de lecture estim\u00e9e":"4 minutes"},"schema":{"@context":"https:\/\/schema.org","@graph":[{"@type":"Article","@id":"https:\/\/etpourtantcatourne.corsica\/index.php\/2026\/09\/05\/histoires-paralleles\/#article","isPartOf":{"@id":"https:\/\/etpourtantcatourne.corsica\/index.php\/2026\/09\/05\/histoires-paralleles\/"},"author":{"name":"etpourtantcatourne@gmail.com","@id":"https:\/\/etpourtantcatourne.corsica\/#\/schema\/person\/a6d8efe18431008c089eb97c639ac06c"},"headline":"HISTOIRES PARALL\u00c8LES","datePublished":"2026-09-05T12:31:20+00:00","dateModified":"2026-09-05T12:31:20+00:00","mainEntityOfPage":{"@id":"https:\/\/etpourtantcatourne.corsica\/index.php\/2026\/09\/05\/histoires-paralleles\/"},"wordCount":891,"commentCount":0,"publisher":{"@id":"https:\/\/etpourtantcatourne.corsica\/#organization"},"articleSection":["2026","News"],"inLanguage":"fr-FR","potentialAction":[{"@type":"CommentAction","name":"Comment","target":["https:\/\/etpourtantcatourne.corsica\/index.php\/2026\/09\/05\/histoires-paralleles\/#respond"]}]},{"@type":"WebPage","@id":"https:\/\/etpourtantcatourne.corsica\/index.php\/2026\/09\/05\/histoires-paralleles\/","url":"https:\/\/etpourtantcatourne.corsica\/index.php\/2026\/09\/05\/histoires-paralleles\/","name":"HISTOIRES PARALL\u00c8LES - Et pourtant \u00e7a tourne","isPartOf":{"@id":"https:\/\/etpourtantcatourne.corsica\/#website"},"datePublished":"2026-09-05T12:31:20+00:00","dateModified":"2026-09-05T12:31:20+00:00","breadcrumb":{"@id":"https:\/\/etpourtantcatourne.corsica\/index.php\/2026\/09\/05\/histoires-paralleles\/#breadcrumb"},"inLanguage":"fr-FR","potentialAction":[{"@type":"ReadAction","target":["https:\/\/etpourtantcatourne.corsica\/index.php\/2026\/09\/05\/histoires-paralleles\/"]}]},{"@type":"BreadcrumbList","@id":"https:\/\/etpourtantcatourne.corsica\/index.php\/2026\/09\/05\/histoires-paralleles\/#breadcrumb","itemListElement":[{"@type":"ListItem","position":1,"name":"Accueil","item":"https:\/\/etpourtantcatourne.corsica\/"},{"@type":"ListItem","position":2,"name":"HISTOIRES PARALL\u00c8LES"}]},{"@type":"WebSite","@id":"https:\/\/etpourtantcatourne.corsica\/#website","url":"https:\/\/etpourtantcatourne.corsica\/","name":"Et pourtant \u00e7a tourne","description":"","publisher":{"@id":"https:\/\/etpourtantcatourne.corsica\/#organization"},"potentialAction":[{"@type":"SearchAction","target":{"@type":"EntryPoint","urlTemplate":"https:\/\/etpourtantcatourne.corsica\/?s={search_term_string}"},"query-input":"required name=search_term_string"}],"inLanguage":"fr-FR"},{"@type":"Organization","@id":"https:\/\/etpourtantcatourne.corsica\/#organization","name":"Et pourtant \u00e7a tourne","url":"https:\/\/etpourtantcatourne.corsica\/","logo":{"@type":"ImageObject","inLanguage":"fr-FR","@id":"https:\/\/etpourtantcatourne.corsica\/#\/schema\/logo\/image\/","url":"https:\/\/etpourtantcatourne.corsica\/www\/wp-content\/uploads\/2023\/01\/etpourtantcatourne-1920-1.jpg","contentUrl":"https:\/\/etpourtantcatourne.corsica\/www\/wp-content\/uploads\/2023\/01\/etpourtantcatourne-1920-1.jpg","width":779,"height":557,"caption":"Et pourtant \u00e7a tourne"},"image":{"@id":"https:\/\/etpourtantcatourne.corsica\/#\/schema\/logo\/image\/"},"sameAs":["https:\/\/www.facebook.com\/epct.etpourtantcatourne\/"]},{"@type":"Person","@id":"https:\/\/etpourtantcatourne.corsica\/#\/schema\/person\/a6d8efe18431008c089eb97c639ac06c","name":"etpourtantcatourne@gmail.com","image":{"@type":"ImageObject","inLanguage":"fr-FR","@id":"https:\/\/etpourtantcatourne.corsica\/#\/schema\/person\/image\/","url":"https:\/\/secure.gravatar.com\/avatar\/a1b5d73ec7ec7aebe45e2b037a28f632c0bc3d218eba31b9bb0face2e66b128a?s=96&d=mm&r=g","contentUrl":"https:\/\/secure.gravatar.com\/avatar\/a1b5d73ec7ec7aebe45e2b037a28f632c0bc3d218eba31b9bb0face2e66b128a?s=96&d=mm&r=g","caption":"etpourtantcatourne@gmail.com"},"sameAs":["http:\/\/gjughcs.cluster031.hosting.ovh.net"],"url":"https:\/\/etpourtantcatourne.corsica\/index.php\/author\/admin3579\/"}]}},"_links":{"self":[{"href":"https:\/\/etpourtantcatourne.corsica\/index.php\/wp-json\/wp\/v2\/posts\/60125","targetHints":{"allow":["GET"]}}],"collection":[{"href":"https:\/\/etpourtantcatourne.corsica\/index.php\/wp-json\/wp\/v2\/posts"}],"about":[{"href":"https:\/\/etpourtantcatourne.corsica\/index.php\/wp-json\/wp\/v2\/types\/post"}],"author":[{"embeddable":true,"href":"https:\/\/etpourtantcatourne.corsica\/index.php\/wp-json\/wp\/v2\/users\/1"}],"replies":[{"embeddable":true,"href":"https:\/\/etpourtantcatourne.corsica\/index.php\/wp-json\/wp\/v2\/comments?post=60125"}],"version-history":[{"count":1,"href":"https:\/\/etpourtantcatourne.corsica\/index.php\/wp-json\/wp\/v2\/posts\/60125\/revisions"}],"predecessor-version":[{"id":60127,"href":"https:\/\/etpourtantcatourne.corsica\/index.php\/wp-json\/wp\/v2\/posts\/60125\/revisions\/60127"}],"wp:featuredmedia":[{"embeddable":true,"href":"https:\/\/etpourtantcatourne.corsica\/index.php\/wp-json\/wp\/v2\/media\/60126"}],"wp:attachment":[{"href":"https:\/\/etpourtantcatourne.corsica\/index.php\/wp-json\/wp\/v2\/media?parent=60125"}],"wp:term":[{"taxonomy":"category","embeddable":true,"href":"https:\/\/etpourtantcatourne.corsica\/index.php\/wp-json\/wp\/v2\/categories?post=60125"},{"taxonomy":"post_tag","embeddable":true,"href":"https:\/\/etpourtantcatourne.corsica\/index.php\/wp-json\/wp\/v2\/tags?post=60125"}],"curies":[{"name":"wp","href":"https:\/\/api.w.org\/{rel}","templated":true}]}}