{"id":60028,"date":"2026-04-26T23:21:31","date_gmt":"2026-04-26T21:21:31","guid":{"rendered":"https:\/\/etpourtantcatourne.corsica\/?p=60028"},"modified":"2026-04-26T23:21:31","modified_gmt":"2026-04-26T21:21:31","slug":"la-grazia","status":"publish","type":"post","link":"https:\/\/etpourtantcatourne.corsica\/index.php\/2026\/04\/26\/la-grazia\/","title":{"rendered":"LA GRAZIA"},"content":{"rendered":"<p>[vc_row][vc_column][vc_column_text css=\".vc_custom_1777237617446{margin-top: -10px !important;}\"]<\/p>\n<h1><\/h1>\n<p>&nbsp;<\/p>\n<h1 style=\"text-align: center;\"><span style=\"color: #ff6600;\"><strong>\"LA GRAZIA\"<\/strong><\/span><\/h1>\n<h2 style=\"text-align: center;\"><span style=\"color: #0000ff;\">Cin\u00e9ma Le FOGATA - Lisula<\/span><\/h2>\n<h1 style=\"text-align: center;\"><strong><span style=\"color: #0000ff;\">Mardi 12 mai 2026 \u00e0 20 h 30<\/span><\/strong><\/h1>\n<p style=\"text-align: center;\"><strong><span style=\"color: #0000ff;\"><em>19 h 30 : <strong id=\"m_7222170476991706160isPasted\">Repas <strong id=\"m_7793614075485760803isPasted\">italien<\/strong><\/strong><\/em><\/span><\/strong><\/p>\n<p style=\"text-align: center;\"><em><span style=\"color: #0000ff;\">Merci de r\u00e9server le repas que nous puissions pr\u00e9parer en nombre suffisant !!<\/span><\/em><\/p>\n<p>[\/vc_column_text][vc_column_text css=\".vc_custom_1777238402156{border-top-width: 2px !important;border-right-width: 2px !important;border-bottom-width: 2px !important;border-left-width: 2px !important;padding-top: 0px !important;padding-bottom: 0px !important;border-left-color: #53545e !important;border-left-style: solid !important;border-right-color: #53545e !important;border-right-style: solid !important;border-top-color: #53545e !important;border-top-style: solid !important;border-bottom-color: #53545e !important;border-bottom-style: solid !important;}\"]<\/p>\n<p style=\"text-align: center;\"><span style=\"color: #333333;\"><em>Prochaine projection le jour de l\u2019ouverture du festival de Cannes !!<\/em><\/span><\/p>\n<p style=\"text-align: center;\"><span style=\"color: #333333;\"><em>Le mardi <strong>12 mai<\/strong> \u00e0 <strong>20h30<\/strong>,<\/em><\/span><\/p>\n<p style=\"text-align: center;\"><span style=\"color: #333333;\"><em>nous vous proposons le film \u00ab <strong>La Grazia \u00bb<\/strong>, de <strong>Paolo Sorrentino<\/strong>, pr\u00e9sent\u00e9 cette ann\u00e9e au festival de film italien \u00e0 Bastia.<\/em><\/span><\/p>\n<p style=\"text-align: center;\"><span style=\"color: #333333;\"><em>Un film pour diss\u00e9quer la politique italienne, et \u00e9ventuellement la comparer \u00e0 d'autres...,\u00a0<\/em><em>malgr\u00e9 le fait que nos institutions diff\u00e8rent...<\/em><\/span><\/p>\n<p style=\"text-align: center;\"><span style=\"color: #333333;\"><em>\u00ab Loin des m\u00e9andres existentielles de son pr\u00e9c\u00e9dent film \u00ab Parth\u00e9nope \u00bb,\u00a0<\/em><\/span><\/p>\n<p style=\"text-align: center;\"><span style=\"color: #333333;\"><em>le cin\u00e9aste napolitain adopte une narration plus fluide, s\u2019accorde quelques sc\u00e8nes comiques, voire surr\u00e9alistes (un pape africain en dreadlocks qui roule \u00e0 scooter, le Pr\u00e9sident rappeur \u00e0 ses heures), et signe, comme \u00e0 son habitude, une mise en sc\u00e8ne brillante, avec des images et des d\u00e9cors de toute beaut\u00e9 \u00bb.\u00a0<\/em><\/span><\/p>\n<p style=\"text-align: center;\"><span style=\"color: #333333;\"><em>(Le Point).<\/em><\/span><\/p>\n<p style=\"text-align: center;\"><span style=\"color: #333333;\"><em>C\u2019est une r\u00e9flexion aigu\u00eb sur les m\u00e9andres de la politique, ch\u00e8re \u00e0 Sorrentino, qui retrouve l\u2019immense Toni Servillo\u00a0<\/em><\/span><\/p>\n<p style=\"text-align: center;\"><span style=\"color: #333333;\"><em>pour une \u0153uvre aussi r\u00e9flexive qu\u2019humaniste.<\/em><\/span><\/p>\n<p style=\"text-align: center;\"><span style=\"color: #f8133f;\">Et merci d'avance d'<strong>adh\u00e9rer sur le site d'<a href=\"https:\/\/www.helloasso.com\/associations\/association-et-pourtant-ca-tourne\/adhesions\/2026\" target=\"_blank\" rel=\"noopener\">HelloAsso<\/a><\/strong><\/span><\/p>\n<p style=\"text-align: center;\"><span style=\"color: #f8133f;\"><strong>Les adh\u00e9sions sont importantes pour la vie de l'association<\/strong><\/span><\/p>\n<p>[\/vc_column_text][vc_column_text css=\".vc_custom_1732799887154{margin-top: -10px !important;}\"][\/vc_column_text][vc_empty_space height=\"20px\"][\/vc_column][\/vc_row][vc_row][vc_column][vc_row_inner content_placement=\"middle\"][vc_column_inner width=\"1\/2\"][vc_single_image image=\"60029\" img_size=\"300x450\" alignment=\"center\" onclick=\"img_link_large\" img_link_target=\"_blank\"][\/vc_column_inner][vc_column_inner width=\"1\/2\"][vc_column_text]<\/p>\n<p style=\"text-align: center;\"><span style=\"color: #ff6600;\"><strong><em>\"LA GRAZIA\" de<\/em><\/strong><strong><em>\u00a0Paolo Sorrentino<\/em><\/strong><\/span><\/p>\n<p style=\"text-align: center;\"><span style=\"color: #ff6600;\"><em>Romance, drame,\u00a0<\/em><em>2 h 13 mn<\/em><\/span><\/p>\n<p style=\"text-align: center;\"><span style=\"color: #ff6600;\"><em>Sortie en salle : 28 janvier 2026\u00a0<\/em><\/span><\/p>\n<p style=\"text-align: center;\"><span style=\"color: #ff6600;\"><em>Par Paolo Sorrentino<\/em><\/span><\/p>\n<p style=\"text-align: center;\"><span style=\"color: #ff6600;\"><em>Avec Toni Servillo, Anna Ferzetti, Orlando Cinque<\/em><\/span><\/p>\n<p>[\/vc_column_text][\/vc_column_inner][\/vc_row_inner][\/vc_column][\/vc_row][vc_row][vc_column][vc_column_text css=\".vc_custom_1777238465271{border-top-width: 2px !important;border-right-width: 2px !important;border-bottom-width: 2px !important;border-left-width: 2px !important;border-left-color: #ff6600 !important;border-left-style: solid !important;border-right-color: #ff6600 !important;border-right-style: solid !important;border-top-color: #ff6600 !important;border-top-style: solid !important;border-bottom-color: #ff6600 !important;border-bottom-style: solid !important;}\"]<\/p>\n<p style=\"color: #ff6600; text-align: center;\"><strong>SYNOPSIS<\/strong><\/p>\n<p style=\"text-align: center;\"><em>Mariano De Santis, Pr\u00e9sident de la R\u00e9publique italienne, est un homme marqu\u00e9 par le deuil de sa femme et la solitude du pouvoir. Alors que son mandat touche \u00e0 sa fin, il doit faire face \u00e0 des d\u00e9cisions cruciales qui l\u2019obligent \u00e0 affronter ses propres dilemmes moraux : deux gr\u00e2ces pr\u00e9sidentielles et un projet de loi hautement controvers\u00e9.<\/em><\/p>\n<p style=\"text-align: center;\"><em>Aucune r\u00e9f\u00e9rence \u00e0 des pr\u00e9sidents existants, ce film est le fruit de l'imagination de l'auteur.<\/em><\/p>\n<p style=\"text-align: center;\"><em>\u00a0<\/em><\/p>\n<p style=\"text-align: center;\"><em>\u00ab Accepter de redevenir personne, de laisser la place \u00e0 un autre, voil\u00e0 ce qui rend cet homme d\u2019\u00c9tat si humain et si rare. Toni Servillo fait de ce pr\u00e9sident un miroir de notre propre finitude et vuln\u00e9rabilit\u00e9, le reflet de notre condition humaine : grandiose et d\u00e9risoire, pleine de gr\u00e2ce et de chagrin. \u00bb (Le Dauphin\u00e9 Lib\u00e9r\u00e9)<\/em><\/p>\n<p>&nbsp;<\/p>\n<p style=\"text-align: center;\"><em>C\u2019est l\u2019un des meilleurs r\u00f4les de Toni Servillo !!<\/em><\/p>\n<p style=\"text-align: center;\"><em>C<\/em><em>e qui nous a particuli\u00e8rement touch\u00e9 dans \"La Grazia\", <\/em><\/p>\n<p style=\"text-align: center;\"><em>c'est une forme de r\u00e9habilitation discr\u00e8te de l\u2019homme politique.<\/em><\/p>\n<p style=\"text-align: center;\"><em>L<\/em><em>oin des caricatures que l\u2019on voit ces temps-ci de l\u2019autre c\u00f4t\u00e9 de l\u2019Atlantique, <\/em><\/p>\n<p style=\"text-align: center;\"><em>ce film replace au bon endroit la fonction pr\u00e9sidentielle : <\/em><em>une mani\u00e8re de l\u2019exercer \u00e9l\u00e9gante, intelligente, soucieuse de l\u2019int\u00e9r\u00eat g\u00e9n\u00e9ral, <\/em><em>d\u00e9nu\u00e9e de vulgarit\u00e9 et de d\u00e9magogie.<\/em><\/p>\n<p>&nbsp;<\/p>\n<p style=\"text-align: center;\"><em>\u00ab\u00a0<\/em><em>Un long-m\u00e9trage aussi enlev\u00e9 que bouleversant, qu\u2019il hisse au niveau de chef-d\u2019\u0153uvre. \u00bb (Le Parisien)<\/em><\/p>\n<p>[\/vc_column_text][vc_column_text]<\/p>\n<p style=\"text-align: left;\">Bande-annonce :<\/p>\n<p><iframe loading=\"lazy\" title=\"YouTube video player\" src=\"https:\/\/www.youtube.com\/embed\/mJH3p0hr7zA\" width=\"640\" height=\"360\" frameborder=\"0\" allowfullscreen=\"allowfullscreen\"><\/iframe>[\/vc_column_text][vc_column_text][\/vc_column_text][\/vc_column][\/vc_row][vc_row][vc_column][vc_row_inner][vc_column_inner][vc_column_text][\/vc_column_text][vc_column_text css=\".vc_custom_1777238253881{border-top-width: 2px !important;border-right-width: 2px !important;border-bottom-width: 2px !important;border-left-width: 2px !important;border-left-color: #f81377 !important;border-left-style: solid !important;border-right-color: #f81377 !important;border-right-style: solid !important;border-top-color: #f81377 !important;border-top-style: solid !important;border-bottom-color: #f81377 !important;border-bottom-style: solid !important;}\"]<\/p>\n<p id=\"m_8144855271448394312isPasted\" style=\"text-align: center;\"><span style=\"color: #f81377;\">R\u00e9servez la date....<\/span><\/p>\n<p style=\"text-align: center;\"><span style=\"color: #f81377;\">du<strong>\u00a0mardi 2 juin<\/strong> au Fogata<\/span><\/p>\n<p>[\/vc_column_text][\/vc_column_inner][\/vc_row_inner][vc_row_inner][vc_column_inner][vc_column_text][\/vc_column_text][vc_column_text css=\".vc_custom_1775139544586{border-top-width: 2px !important;border-right-width: 2px !important;border-bottom-width: 2px !important;border-left-width: 2px !important;border-left-color: #3361ad !important;border-left-style: solid !important;border-right-color: #3361ad !important;border-right-style: solid !important;border-top-color: #3361ad !important;border-top-style: solid !important;border-bottom-color: #3361ad !important;border-bottom-style: solid !important;}\"]<\/p>\n<p style=\"text-align: center;\"><strong>Petit rappel, et... petite information n\u00e9cessaire.<\/strong><\/p>\n<p style=\"text-align: center;\"><strong>Pour vos adh\u00e9sions, l'adresse du site helloasso fonctionne :<\/strong><\/p>\n<p style=\"text-align: center;\"><a href=\"https:\/\/www.helloasso.com\/associations\/association-et-pourtant-ca-tourne\/adhesions\/2026\" target=\"_blank\" rel=\"noopener\">https:\/\/www.helloasso.com\/associations\/association-et-pourtant-ca-tourne\/adhesions\/<strong>2026<\/strong><\/a><\/p>\n<p>&nbsp;<\/p>\n<p style=\"text-align: center;\"><span style=\"color: #f81377;\"><strong>Adh\u00e9rez !!!<\/strong><\/span><\/p>\n<p style=\"text-align: center;\">B\u00e9n\u00e9ficiez de tarifs sp\u00e9ciaux lors des s\u00e9ances de l'Association,...<\/p>\n<p style=\"text-align: center;\">B\u00e9n\u00e9ficiez du tarif r\u00e9duit au Cin\u00e9ma le Fogata,...<\/p>\n<p style=\"text-align: center;\">B\u00e9n\u00e9ficiez de gratuit\u00e9 lors du festival \"Tu Si\",...<\/p>\n<p style=\"text-align: center;\">Soutenez les actions de l'Association qui ne pourraient exister sans vous !!<\/p>\n<p>&nbsp;<\/p>\n<div style=\"text-align: center;\"><span style=\"color: #333333;\"><i>Prenez vos adh\u00e9sions sur HelloAsso, c'est plus simple pour nous comme pour vous, et cela \u00e9vite les erreurs de retranscriptions.<\/i><\/span><\/div>\n<div style=\"text-align: center;\"><span style=\"color: #333333;\"><i>Certains nous donnent un peu plus, merci d'avance !!<\/i><\/span><\/div>\n<div style=\"text-align: center;\"><span style=\"color: #333333;\"><i>Vous pouvez ne pas payer plus cher, en d\u00e9cochant la case attribu\u00e9e \u00e0 Helloasso.<\/i><\/span><\/div>\n<div style=\"text-align: center;\"><span style=\"color: #333333;\">Vous pourrez r\u00e9cup\u00e9rer votre carte lors de la prochaine s\u00e9ance EP\u00c7T<\/span><\/div>\n<p>[\/vc_column_text][\/vc_column_inner][\/vc_row_inner][\/vc_column][\/vc_row]<\/p>\n","protected":false},"excerpt":{"rendered":"<p>Duis ornare, est at lobortis mollis - libero mollis  facilisis dolorus urabitur orci, vitae congue neque lectus neque. Aliquam lorem ipsum amet dolor ultrices erat.<\/p>\n","protected":false},"author":1,"featured_media":60029,"comment_status":"open","ping_status":"open","sticky":false,"template":"","format":"standard","meta":{"footnotes":""},"categories":[542,536],"tags":[],"class_list":{"0":"post-60028","1":"post","2":"type-post","3":"status-publish","4":"format-standard","5":"has-post-thumbnail","6":"hentry","7":"category-542","8":"category-news","10":"category-536","11":"description-off"},"yoast_head":"<!-- This site is optimized with the Yoast SEO plugin v19.14 - https:\/\/yoast.com\/wordpress\/plugins\/seo\/ -->\n<title>LA GRAZIA - Et pourtant \u00e7a tourne<\/title>\n<meta name=\"robots\" content=\"index, follow, max-snippet:-1, max-image-preview:large, max-video-preview:-1\" \/>\n<link rel=\"canonical\" href=\"https:\/\/etpourtantcatourne.corsica\/index.php\/2026\/04\/26\/la-grazia\/\" \/>\n<meta property=\"og:locale\" content=\"fr_FR\" \/>\n<meta property=\"og:type\" content=\"article\" \/>\n<meta property=\"og:title\" content=\"LA GRAZIA - Et pourtant \u00e7a tourne\" \/>\n<meta property=\"og:description\" content=\"Duis ornare, est at lobortis mollis - libero mollis facilisis dolorus urabitur orci, vitae congue neque lectus neque. Aliquam lorem ipsum amet dolor ultrices erat.\" \/>\n<meta property=\"og:url\" content=\"https:\/\/etpourtantcatourne.corsica\/index.php\/2026\/04\/26\/la-grazia\/\" \/>\n<meta property=\"og:site_name\" content=\"Et pourtant \u00e7a tourne\" \/>\n<meta property=\"article:publisher\" content=\"https:\/\/www.facebook.com\/epct.etpourtantcatourne\/\" \/>\n<meta property=\"article:published_time\" content=\"2026-04-26T21:21:31+00:00\" \/>\n<meta property=\"og:image\" content=\"https:\/\/etpourtantcatourne.corsica\/www\/wp-content\/uploads\/2026\/04\/2026-04-affiche-la-grazia.jpg\" \/>\n\t<meta property=\"og:image:width\" content=\"886\" \/>\n\t<meta property=\"og:image:height\" content=\"1181\" \/>\n\t<meta property=\"og:image:type\" content=\"image\/jpeg\" \/>\n<meta name=\"author\" content=\"etpourtantcatourne@gmail.com\" \/>\n<meta name=\"twitter:card\" content=\"summary_large_image\" \/>\n<meta name=\"twitter:label1\" content=\"\u00c9crit par\" \/>\n\t<meta name=\"twitter:data1\" content=\"etpourtantcatourne@gmail.com\" \/>\n\t<meta name=\"twitter:label2\" content=\"Dur\u00e9e de lecture estim\u00e9e\" \/>\n\t<meta name=\"twitter:data2\" content=\"4 minutes\" \/>\n<script type=\"application\/ld+json\" class=\"yoast-schema-graph\">{\"@context\":\"https:\/\/schema.org\",\"@graph\":[{\"@type\":\"Article\",\"@id\":\"https:\/\/etpourtantcatourne.corsica\/index.php\/2026\/04\/26\/la-grazia\/#article\",\"isPartOf\":{\"@id\":\"https:\/\/etpourtantcatourne.corsica\/index.php\/2026\/04\/26\/la-grazia\/\"},\"author\":{\"name\":\"etpourtantcatourne@gmail.com\",\"@id\":\"https:\/\/etpourtantcatourne.corsica\/#\/schema\/person\/a6d8efe18431008c089eb97c639ac06c\"},\"headline\":\"LA GRAZIA\",\"datePublished\":\"2026-04-26T21:21:31+00:00\",\"dateModified\":\"2026-04-26T21:21:31+00:00\",\"mainEntityOfPage\":{\"@id\":\"https:\/\/etpourtantcatourne.corsica\/index.php\/2026\/04\/26\/la-grazia\/\"},\"wordCount\":959,\"commentCount\":0,\"publisher\":{\"@id\":\"https:\/\/etpourtantcatourne.corsica\/#organization\"},\"articleSection\":[\"2026\",\"News\"],\"inLanguage\":\"fr-FR\",\"potentialAction\":[{\"@type\":\"CommentAction\",\"name\":\"Comment\",\"target\":[\"https:\/\/etpourtantcatourne.corsica\/index.php\/2026\/04\/26\/la-grazia\/#respond\"]}]},{\"@type\":\"WebPage\",\"@id\":\"https:\/\/etpourtantcatourne.corsica\/index.php\/2026\/04\/26\/la-grazia\/\",\"url\":\"https:\/\/etpourtantcatourne.corsica\/index.php\/2026\/04\/26\/la-grazia\/\",\"name\":\"LA GRAZIA - Et pourtant \u00e7a tourne\",\"isPartOf\":{\"@id\":\"https:\/\/etpourtantcatourne.corsica\/#website\"},\"datePublished\":\"2026-04-26T21:21:31+00:00\",\"dateModified\":\"2026-04-26T21:21:31+00:00\",\"breadcrumb\":{\"@id\":\"https:\/\/etpourtantcatourne.corsica\/index.php\/2026\/04\/26\/la-grazia\/#breadcrumb\"},\"inLanguage\":\"fr-FR\",\"potentialAction\":[{\"@type\":\"ReadAction\",\"target\":[\"https:\/\/etpourtantcatourne.corsica\/index.php\/2026\/04\/26\/la-grazia\/\"]}]},{\"@type\":\"BreadcrumbList\",\"@id\":\"https:\/\/etpourtantcatourne.corsica\/index.php\/2026\/04\/26\/la-grazia\/#breadcrumb\",\"itemListElement\":[{\"@type\":\"ListItem\",\"position\":1,\"name\":\"Accueil\",\"item\":\"https:\/\/etpourtantcatourne.corsica\/\"},{\"@type\":\"ListItem\",\"position\":2,\"name\":\"LA GRAZIA\"}]},{\"@type\":\"WebSite\",\"@id\":\"https:\/\/etpourtantcatourne.corsica\/#website\",\"url\":\"https:\/\/etpourtantcatourne.corsica\/\",\"name\":\"Et pourtant \u00e7a tourne\",\"description\":\"\",\"publisher\":{\"@id\":\"https:\/\/etpourtantcatourne.corsica\/#organization\"},\"potentialAction\":[{\"@type\":\"SearchAction\",\"target\":{\"@type\":\"EntryPoint\",\"urlTemplate\":\"https:\/\/etpourtantcatourne.corsica\/?s={search_term_string}\"},\"query-input\":\"required name=search_term_string\"}],\"inLanguage\":\"fr-FR\"},{\"@type\":\"Organization\",\"@id\":\"https:\/\/etpourtantcatourne.corsica\/#organization\",\"name\":\"Et pourtant \u00e7a tourne\",\"url\":\"https:\/\/etpourtantcatourne.corsica\/\",\"logo\":{\"@type\":\"ImageObject\",\"inLanguage\":\"fr-FR\",\"@id\":\"https:\/\/etpourtantcatourne.corsica\/#\/schema\/logo\/image\/\",\"url\":\"https:\/\/etpourtantcatourne.corsica\/www\/wp-content\/uploads\/2023\/01\/etpourtantcatourne-1920-1.jpg\",\"contentUrl\":\"https:\/\/etpourtantcatourne.corsica\/www\/wp-content\/uploads\/2023\/01\/etpourtantcatourne-1920-1.jpg\",\"width\":779,\"height\":557,\"caption\":\"Et pourtant \u00e7a tourne\"},\"image\":{\"@id\":\"https:\/\/etpourtantcatourne.corsica\/#\/schema\/logo\/image\/\"},\"sameAs\":[\"https:\/\/www.facebook.com\/epct.etpourtantcatourne\/\"]},{\"@type\":\"Person\",\"@id\":\"https:\/\/etpourtantcatourne.corsica\/#\/schema\/person\/a6d8efe18431008c089eb97c639ac06c\",\"name\":\"etpourtantcatourne@gmail.com\",\"image\":{\"@type\":\"ImageObject\",\"inLanguage\":\"fr-FR\",\"@id\":\"https:\/\/etpourtantcatourne.corsica\/#\/schema\/person\/image\/\",\"url\":\"https:\/\/secure.gravatar.com\/avatar\/a1b5d73ec7ec7aebe45e2b037a28f632c0bc3d218eba31b9bb0face2e66b128a?s=96&d=mm&r=g\",\"contentUrl\":\"https:\/\/secure.gravatar.com\/avatar\/a1b5d73ec7ec7aebe45e2b037a28f632c0bc3d218eba31b9bb0face2e66b128a?s=96&d=mm&r=g\",\"caption\":\"etpourtantcatourne@gmail.com\"},\"sameAs\":[\"http:\/\/gjughcs.cluster031.hosting.ovh.net\"],\"url\":\"https:\/\/etpourtantcatourne.corsica\/index.php\/author\/admin3579\/\"}]}<\/script>\n<!-- \/ Yoast SEO plugin. -->","yoast_head_json":{"title":"LA GRAZIA - Et pourtant \u00e7a tourne","robots":{"index":"index","follow":"follow","max-snippet":"max-snippet:-1","max-image-preview":"max-image-preview:large","max-video-preview":"max-video-preview:-1"},"canonical":"https:\/\/etpourtantcatourne.corsica\/index.php\/2026\/04\/26\/la-grazia\/","og_locale":"fr_FR","og_type":"article","og_title":"LA GRAZIA - Et pourtant \u00e7a tourne","og_description":"Duis ornare, est at lobortis mollis - libero mollis facilisis dolorus urabitur orci, vitae congue neque lectus neque. Aliquam lorem ipsum amet dolor ultrices erat.","og_url":"https:\/\/etpourtantcatourne.corsica\/index.php\/2026\/04\/26\/la-grazia\/","og_site_name":"Et pourtant \u00e7a tourne","article_publisher":"https:\/\/www.facebook.com\/epct.etpourtantcatourne\/","article_published_time":"2026-04-26T21:21:31+00:00","og_image":[{"width":886,"height":1181,"url":"https:\/\/etpourtantcatourne.corsica\/www\/wp-content\/uploads\/2026\/04\/2026-04-affiche-la-grazia.jpg","type":"image\/jpeg"}],"author":"etpourtantcatourne@gmail.com","twitter_card":"summary_large_image","twitter_misc":{"\u00c9crit par":"etpourtantcatourne@gmail.com","Dur\u00e9e de lecture estim\u00e9e":"4 minutes"},"schema":{"@context":"https:\/\/schema.org","@graph":[{"@type":"Article","@id":"https:\/\/etpourtantcatourne.corsica\/index.php\/2026\/04\/26\/la-grazia\/#article","isPartOf":{"@id":"https:\/\/etpourtantcatourne.corsica\/index.php\/2026\/04\/26\/la-grazia\/"},"author":{"name":"etpourtantcatourne@gmail.com","@id":"https:\/\/etpourtantcatourne.corsica\/#\/schema\/person\/a6d8efe18431008c089eb97c639ac06c"},"headline":"LA GRAZIA","datePublished":"2026-04-26T21:21:31+00:00","dateModified":"2026-04-26T21:21:31+00:00","mainEntityOfPage":{"@id":"https:\/\/etpourtantcatourne.corsica\/index.php\/2026\/04\/26\/la-grazia\/"},"wordCount":959,"commentCount":0,"publisher":{"@id":"https:\/\/etpourtantcatourne.corsica\/#organization"},"articleSection":["2026","News"],"inLanguage":"fr-FR","potentialAction":[{"@type":"CommentAction","name":"Comment","target":["https:\/\/etpourtantcatourne.corsica\/index.php\/2026\/04\/26\/la-grazia\/#respond"]}]},{"@type":"WebPage","@id":"https:\/\/etpourtantcatourne.corsica\/index.php\/2026\/04\/26\/la-grazia\/","url":"https:\/\/etpourtantcatourne.corsica\/index.php\/2026\/04\/26\/la-grazia\/","name":"LA GRAZIA - Et pourtant \u00e7a tourne","isPartOf":{"@id":"https:\/\/etpourtantcatourne.corsica\/#website"},"datePublished":"2026-04-26T21:21:31+00:00","dateModified":"2026-04-26T21:21:31+00:00","breadcrumb":{"@id":"https:\/\/etpourtantcatourne.corsica\/index.php\/2026\/04\/26\/la-grazia\/#breadcrumb"},"inLanguage":"fr-FR","potentialAction":[{"@type":"ReadAction","target":["https:\/\/etpourtantcatourne.corsica\/index.php\/2026\/04\/26\/la-grazia\/"]}]},{"@type":"BreadcrumbList","@id":"https:\/\/etpourtantcatourne.corsica\/index.php\/2026\/04\/26\/la-grazia\/#breadcrumb","itemListElement":[{"@type":"ListItem","position":1,"name":"Accueil","item":"https:\/\/etpourtantcatourne.corsica\/"},{"@type":"ListItem","position":2,"name":"LA GRAZIA"}]},{"@type":"WebSite","@id":"https:\/\/etpourtantcatourne.corsica\/#website","url":"https:\/\/etpourtantcatourne.corsica\/","name":"Et pourtant \u00e7a tourne","description":"","publisher":{"@id":"https:\/\/etpourtantcatourne.corsica\/#organization"},"potentialAction":[{"@type":"SearchAction","target":{"@type":"EntryPoint","urlTemplate":"https:\/\/etpourtantcatourne.corsica\/?s={search_term_string}"},"query-input":"required name=search_term_string"}],"inLanguage":"fr-FR"},{"@type":"Organization","@id":"https:\/\/etpourtantcatourne.corsica\/#organization","name":"Et pourtant \u00e7a tourne","url":"https:\/\/etpourtantcatourne.corsica\/","logo":{"@type":"ImageObject","inLanguage":"fr-FR","@id":"https:\/\/etpourtantcatourne.corsica\/#\/schema\/logo\/image\/","url":"https:\/\/etpourtantcatourne.corsica\/www\/wp-content\/uploads\/2023\/01\/etpourtantcatourne-1920-1.jpg","contentUrl":"https:\/\/etpourtantcatourne.corsica\/www\/wp-content\/uploads\/2023\/01\/etpourtantcatourne-1920-1.jpg","width":779,"height":557,"caption":"Et pourtant \u00e7a tourne"},"image":{"@id":"https:\/\/etpourtantcatourne.corsica\/#\/schema\/logo\/image\/"},"sameAs":["https:\/\/www.facebook.com\/epct.etpourtantcatourne\/"]},{"@type":"Person","@id":"https:\/\/etpourtantcatourne.corsica\/#\/schema\/person\/a6d8efe18431008c089eb97c639ac06c","name":"etpourtantcatourne@gmail.com","image":{"@type":"ImageObject","inLanguage":"fr-FR","@id":"https:\/\/etpourtantcatourne.corsica\/#\/schema\/person\/image\/","url":"https:\/\/secure.gravatar.com\/avatar\/a1b5d73ec7ec7aebe45e2b037a28f632c0bc3d218eba31b9bb0face2e66b128a?s=96&d=mm&r=g","contentUrl":"https:\/\/secure.gravatar.com\/avatar\/a1b5d73ec7ec7aebe45e2b037a28f632c0bc3d218eba31b9bb0face2e66b128a?s=96&d=mm&r=g","caption":"etpourtantcatourne@gmail.com"},"sameAs":["http:\/\/gjughcs.cluster031.hosting.ovh.net"],"url":"https:\/\/etpourtantcatourne.corsica\/index.php\/author\/admin3579\/"}]}},"_links":{"self":[{"href":"https:\/\/etpourtantcatourne.corsica\/index.php\/wp-json\/wp\/v2\/posts\/60028","targetHints":{"allow":["GET"]}}],"collection":[{"href":"https:\/\/etpourtantcatourne.corsica\/index.php\/wp-json\/wp\/v2\/posts"}],"about":[{"href":"https:\/\/etpourtantcatourne.corsica\/index.php\/wp-json\/wp\/v2\/types\/post"}],"author":[{"embeddable":true,"href":"https:\/\/etpourtantcatourne.corsica\/index.php\/wp-json\/wp\/v2\/users\/1"}],"replies":[{"embeddable":true,"href":"https:\/\/etpourtantcatourne.corsica\/index.php\/wp-json\/wp\/v2\/comments?post=60028"}],"version-history":[{"count":3,"href":"https:\/\/etpourtantcatourne.corsica\/index.php\/wp-json\/wp\/v2\/posts\/60028\/revisions"}],"predecessor-version":[{"id":60032,"href":"https:\/\/etpourtantcatourne.corsica\/index.php\/wp-json\/wp\/v2\/posts\/60028\/revisions\/60032"}],"wp:featuredmedia":[{"embeddable":true,"href":"https:\/\/etpourtantcatourne.corsica\/index.php\/wp-json\/wp\/v2\/media\/60029"}],"wp:attachment":[{"href":"https:\/\/etpourtantcatourne.corsica\/index.php\/wp-json\/wp\/v2\/media?parent=60028"}],"wp:term":[{"taxonomy":"category","embeddable":true,"href":"https:\/\/etpourtantcatourne.corsica\/index.php\/wp-json\/wp\/v2\/categories?post=60028"},{"taxonomy":"post_tag","embeddable":true,"href":"https:\/\/etpourtantcatourne.corsica\/index.php\/wp-json\/wp\/v2\/tags?post=60028"}],"curies":[{"name":"wp","href":"https:\/\/api.w.org\/{rel}","templated":true}]}}