{"id":58668,"date":"2011-05-03T16:46:13","date_gmt":"2011-05-03T14:46:13","guid":{"rendered":"http:\/\/gjughcs.cluster031.hosting.ovh.net\/?p=58668"},"modified":"2022-09-22T16:50:28","modified_gmt":"2022-09-22T14:50:28","slug":"incendies","status":"publish","type":"post","link":"https:\/\/etpourtantcatourne.corsica\/index.php\/2011\/05\/03\/incendies\/","title":{"rendered":"Incendies"},"content":{"rendered":"<p>[vc_row][vc_column][vc_empty_space height=\"30px\"]<div id=\"ultimate-heading-408869f30ba1e03a5\" class=\"uvc-heading ult-adjust-bottom-margin ultimate-heading-408869f30ba1e03a5 uvc-4726  uvc-heading-default-font-sizes\" data-hspacer=\"no_spacer\"  data-halign=\"center\" style=\"text-align:center\"><div class=\"uvc-heading-spacer no_spacer\" style=\"top\"><\/div><div class=\"uvc-main-heading ult-responsive\"  data-ultimate-target='.uvc-heading.ultimate-heading-408869f30ba1e03a5 h2'  data-responsive-json-new='{\"font-size\":\"\",\"line-height\":\"\"}' ><h2 style=\"--font-weight:theme;\">Incendies<\/h2><\/div><\/div>[vc_empty_space height=\"40px\"][vc_column_text]<\/p>\n<p style=\"text-align: center;\">Mardi 3 mai 21h au cinema LE FOGATA - Ile Rousse<\/p>\n<p>[\/vc_column_text][\/vc_column][\/vc_row][vc_row equal_height=\"yes\" content_placement=\"middle\" type=\"vc_default\"][vc_column width=\"1\/2\" css=\".vc_custom_1474103048679{padding-bottom: 50px !important;}\" offset=\"vc_hidden-xs\"][vc_single_image image=\"58669\" img_size=\"full\" alignment=\"center\" onclick=\"link_image\" lazy_loading=\"true\" css=\".vc_custom_1663858059031{margin-top: 5px !important;}\"][\/vc_column][vc_column width=\"1\/2\" css=\".vc_custom_1474102511508{padding-bottom: 50px !important;}\"][vc_column_text]R\u00e9alis\u00e9 par : Denis Villeneuve<br \/>\nAvec : M\u00e9lissa D\u00e9sormeaux-Poulin, Lubna Azabal, R\u00e9my Girard.<br \/>\nLong-m\u00e9trage : canadien.<br \/>\nGenre : Drame.<br \/>\nDur\u00e9e : 2h 3mn.<br \/>\nAnn\u00e9e de production : 2010<br \/>\nDistributeur: Happiness<br \/>\nNomination : Oscars \/ Academy Awards 2011[\/vc_column_text][\/vc_column][\/vc_row][vc_row css=\".vc_custom_1651842163901{margin-top: -20px !important;}\"][vc_column][vc_column_text]<strong>Synopsis :<\/strong><br \/>\nA la lecture du testament de leur m\u00e8re, Jeanne et Simon Marwan se voient remettre deux enveloppes : l\u2019une destin\u00e9e \u00e0 un p\u00e8re qu\u2019ils croyaient mort et l\u2018autre \u00e0 un fr\u00e8re dont ils ignoraient l\u2019existence. Jeanne voit dans cet \u00e9nigmatique legs la cl\u00e9 du silence de sa m\u00e8re, enferm\u00e9e dans un mutisme inexpliqu\u00e9 les derni\u00e8res semaines pr\u00e9c\u00e9dant sa mort. Elle d\u00e9cide imm\u00e9diatement de partir au Moyen Orient exhumer le pass\u00e9 de cette famille dont elle ne sait presque rien\u2026 Simon, lui, n\u2019a que faire des caprices posthumes de cette m\u00e8re qui s\u2019est toujours montr\u00e9e distante. Mais son amour pour sa s\u0153ur jumelle le poussera bient\u00f4t \u00e0 rejoindre Jeanne et \u00e0 sillonner avec elle le pays de leurs anc\u00eatres sur la piste d\u2019une m\u00e8re bien loin de celle qu\u2019ils ont connue.<\/p>\n<p><strong>Quatri\u00e8me r\u00e9alisation<\/strong><br \/>\nIncendies est le quatri\u00e8me long-m\u00e9trage de Denis Villeneuve. Avant cela, il a tourn\u00e9 Un 32 ao\u00fbt sur Terre (1998), encens\u00e9 par la critique et qui concourt en s\u00e9lection officielle dans de grands festivals (Un certain regard \u00e0 Cannes, Festival de Toronto et Telluride). Son deuxi\u00e8me film, Maelstr\u00f6m, re\u00e7oit, quant \u00e0 lui, vingt cinq prix \u00e0 travers le monde. Le film raconte comment une femme \u00e0 qui tout r\u00e9ussit se trouve confront\u00e9e \u00e0 la culpabilit\u00e9 apr\u00e8s avoir fauch\u00e9 un passant. En 2009, sort sa troisi\u00e8me \u0153uvre, Polytechnique qui relate les \u00e9v\u00e9nements dramatiques qui se sont d\u00e9roul\u00e9s en d\u00e9cembre 1989 \u00e0 l'\u00e9cole Polytechnique de Montr\u00e9al: un jeune homme, Marc L\u00e9pine tue 14 personnes, toutes des femmes, dans une classe d'ing\u00e9nierie clamant haut et fort qu'il abhorre les f\u00e9ministes.<\/p>\n<p><strong>D'apr\u00e8s la pi\u00e8ce de Wajdi Mouawad<\/strong><br \/>\nIncendies est une adaptation de la pi\u00e8ce de th\u00e9\u00e2tre \u00e9crite par Wajdi Mouawad. Faisant partie d'une trilogie comprenant trois \u0153uvres-Littoral, Incendies, For\u00eats- l'auteur y \u00e9voque la difficult\u00e9 de l'exil, lui qui a \u00e9t\u00e9 contraint d'abandonner le Liban alors qu'il n'avait que huit ans. La pi\u00e8ce, qualifi\u00e9e de \"texte monde\" par Antoine de Baecque, a \u00e9t\u00e9 encens\u00e9 lors de sa parution. Le critique de th\u00e9\u00e2tre ajoute: \"Ce sera la pi\u00e8ce des d\u00e9buts du XXIe si\u00e8cle, celle d'une bouleversante qu\u00eate initiatique, celle d'une odyss\u00e9e des origines, celle des trajets et des migrations, celle du choc des cultures entre l'Occident et l'Orient, celle o\u00f9 se croisent la question de l'intime, du singulier, et les violences des guerres, des communaut\u00e9s malmen\u00e9es par l'histoire\"<\/p>\n<p><strong>Carte blanche pour Denis<\/strong><br \/>\nAlors qu'il assiste \u00e0 la repr\u00e9sentation de la pi\u00e8ce de Wajdi Mouawad, Denis Villeneuve a une r\u00e9v\u00e9lation, les images sont tellement fortes et puissantes que germe l'id\u00e9e d'une adaptation: \"J\u2019ai re\u00e7u le texte dans la figure et suis sorti du th\u00e9\u00e2tre sur les genoux (...) Le texte d\u2019Incendies est comme une partition d\u2019un grand compositeur classique : il inspire directement des images fortes.\" Par la suite, convaincre l'auteur n'a pas \u00e9t\u00e9 difficile: \"Wajdi a accept\u00e9 de me \u00ab pr\u00eater \u00bb Incendies apr\u00e8s avoir lu une cinquantaine de pages d\u2019esquisse que je lui ai propos\u00e9es.<\/p>\n<p><strong>La facture du qu\u00e9b\u00e9cois<\/strong><br \/>\nLe film oscille entre lyrisme et r\u00e9alisme, il a fallu trouver un juste \u00e9quilibre entre ces deux genres qui fondent l'esth\u00e9tique du cin\u00e9aste: \"J'ai opt\u00e9 pour la sobri\u00e9t\u00e9 d\u2019un r\u00e9alisme cru, en conservant le facteur mythologique de la pi\u00e8ce \u00e0 l\u2019aide d\u2019un travail sur la lumi\u00e8re naturelle et les ombres. L\u2019\u00e9motion ne doit pas \u00eatre une fin mais un moyen pour atteindre l\u2019effet de catharsis d\u00e9sir\u00e9.\". Pour corroborer l'effet de r\u00e9el de certaines sc\u00e8nes, le cin\u00e9aste a souhait\u00e9 travailler \u00e0 la fois avec des acteurs professionnels et des amateurs : \"Lara Atalla, la directrice du casting jordanien a eu envie d\u2019approcher des r\u00e9fugi\u00e9s irakiens pour leur donner du travail. Ils ont beaucoup donn\u00e9 au film.<\/p>\n<p><strong>Le premier r\u00f4le est attribu\u00e9 \u00e0... Maxim Gaudett<\/strong><br \/>\nSi le casting des jumeaux s'est av\u00e9r\u00e9 laborieux ainsi que celui de M\u00e9lissa D\u00e9sormeaux-Poulin qui interpr\u00e8te un des r\u00f4les principaux, celui de Jeanne Marwan, Denis Villeneuve a cherch\u00e9 partout celui qui pourrait jouer Simon, le fr\u00e8re de Jeanne pour finalement choisir Maxim Gaudette qui tient le r\u00f4le-titre du tueur dans Polytechnique.<\/p>\n<p><strong>Lubna Azabal en m\u00e8re courage<\/strong><br \/>\nL'actrice francophone aux origines espagnole et marocaine ose d\u00e8s le d\u00e9but de sa carri\u00e8re des films engag\u00e9s: on la voit dans le thriller politique Paradise Now de Hany Abu-Assad en 2006. Avant cela elle a jou\u00e9 pour Andr\u00e9 T\u00e9chin\u00e9 (Loin),<br \/>\nTony Gatlif aux c\u00f4t\u00e9s de Romain Duris dans Exils ou encore pour Ridley Scott dans Mensonges d'Etat. C\u2019est une com\u00e9dienne extraordinaire qui poss\u00e8de naturellement la force, le feu sacr\u00e9 de Nawal. Lubna est Nawal.\"[\/vc_column_text][vc_column_text]<\/p>\n<h5 style=\"text-align: center;\">Bande d'annonce<\/h5>\n<div id=\"blogvision\"><iframe style=\"width: 640px; height: 360px;\" src=\"https:\/\/player.allocine.fr\/19183990.html\"><\/iframe><\/div>\n<p>[\/vc_column_text][\/vc_column][\/vc_row]<\/p>\n","protected":false},"excerpt":{"rendered":"<p>Duis ornare, est at lobortis mollis - libero mollis  facilisis dolorus urabitur orci, vitae congue neque lectus neque. Aliquam lorem ipsum amet dolor ultrices erat.<\/p>\n","protected":false},"author":2,"featured_media":58669,"comment_status":"open","ping_status":"open","sticky":false,"template":"","format":"standard","meta":{"footnotes":""},"categories":[523],"tags":[],"class_list":{"0":"post-58668","1":"post","2":"type-post","3":"status-publish","4":"format-standard","5":"has-post-thumbnail","6":"hentry","7":"category-523","9":"description-off"},"yoast_head":"<!-- This site is optimized with the Yoast SEO plugin v19.14 - https:\/\/yoast.com\/wordpress\/plugins\/seo\/ -->\n<title>Incendies - Et pourtant \u00e7a tourne<\/title>\n<meta name=\"robots\" content=\"index, follow, max-snippet:-1, max-image-preview:large, max-video-preview:-1\" \/>\n<link rel=\"canonical\" href=\"https:\/\/etpourtantcatourne.corsica\/index.php\/2011\/05\/03\/incendies\/\" \/>\n<meta property=\"og:locale\" content=\"fr_FR\" \/>\n<meta property=\"og:type\" content=\"article\" \/>\n<meta property=\"og:title\" content=\"Incendies - Et pourtant \u00e7a tourne\" \/>\n<meta property=\"og:description\" content=\"Duis ornare, est at lobortis mollis - libero mollis facilisis dolorus urabitur orci, vitae congue neque lectus neque. Aliquam lorem ipsum amet dolor ultrices erat.\" \/>\n<meta property=\"og:url\" content=\"https:\/\/etpourtantcatourne.corsica\/index.php\/2011\/05\/03\/incendies\/\" \/>\n<meta property=\"og:site_name\" content=\"Et pourtant \u00e7a tourne\" \/>\n<meta property=\"article:publisher\" content=\"https:\/\/www.facebook.com\/epct.etpourtantcatourne\/\" \/>\n<meta property=\"article:published_time\" content=\"2011-05-03T14:46:13+00:00\" \/>\n<meta property=\"article:modified_time\" content=\"2022-09-22T14:50:28+00:00\" \/>\n<meta property=\"og:image\" content=\"https:\/\/etpourtantcatourne.corsica\/www\/wp-content\/uploads\/2022\/09\/incendies0.jpg\" \/>\n\t<meta property=\"og:image:width\" content=\"300\" \/>\n\t<meta property=\"og:image:height\" content=\"400\" \/>\n\t<meta property=\"og:image:type\" content=\"image\/jpeg\" \/>\n<meta name=\"author\" content=\"Benjamin\" \/>\n<meta name=\"twitter:card\" content=\"summary_large_image\" \/>\n<meta name=\"twitter:label1\" content=\"\u00c9crit par\" \/>\n\t<meta name=\"twitter:data1\" content=\"Benjamin\" \/>\n\t<meta name=\"twitter:label2\" content=\"Dur\u00e9e de lecture estim\u00e9e\" \/>\n\t<meta name=\"twitter:data2\" content=\"5 minutes\" \/>\n<script type=\"application\/ld+json\" class=\"yoast-schema-graph\">{\"@context\":\"https:\/\/schema.org\",\"@graph\":[{\"@type\":\"Article\",\"@id\":\"https:\/\/etpourtantcatourne.corsica\/index.php\/2011\/05\/03\/incendies\/#article\",\"isPartOf\":{\"@id\":\"https:\/\/etpourtantcatourne.corsica\/index.php\/2011\/05\/03\/incendies\/\"},\"author\":{\"name\":\"Benjamin\",\"@id\":\"https:\/\/etpourtantcatourne.corsica\/#\/schema\/person\/21665a3727dfb12a5a57e703ca480c9a\"},\"headline\":\"Incendies\",\"datePublished\":\"2011-05-03T14:46:13+00:00\",\"dateModified\":\"2022-09-22T14:50:28+00:00\",\"mainEntityOfPage\":{\"@id\":\"https:\/\/etpourtantcatourne.corsica\/index.php\/2011\/05\/03\/incendies\/\"},\"wordCount\":1003,\"commentCount\":0,\"publisher\":{\"@id\":\"https:\/\/etpourtantcatourne.corsica\/#organization\"},\"articleSection\":[\"2011\"],\"inLanguage\":\"fr-FR\",\"potentialAction\":[{\"@type\":\"CommentAction\",\"name\":\"Comment\",\"target\":[\"https:\/\/etpourtantcatourne.corsica\/index.php\/2011\/05\/03\/incendies\/#respond\"]}]},{\"@type\":\"WebPage\",\"@id\":\"https:\/\/etpourtantcatourne.corsica\/index.php\/2011\/05\/03\/incendies\/\",\"url\":\"https:\/\/etpourtantcatourne.corsica\/index.php\/2011\/05\/03\/incendies\/\",\"name\":\"Incendies - Et pourtant \u00e7a tourne\",\"isPartOf\":{\"@id\":\"https:\/\/etpourtantcatourne.corsica\/#website\"},\"datePublished\":\"2011-05-03T14:46:13+00:00\",\"dateModified\":\"2022-09-22T14:50:28+00:00\",\"breadcrumb\":{\"@id\":\"https:\/\/etpourtantcatourne.corsica\/index.php\/2011\/05\/03\/incendies\/#breadcrumb\"},\"inLanguage\":\"fr-FR\",\"potentialAction\":[{\"@type\":\"ReadAction\",\"target\":[\"https:\/\/etpourtantcatourne.corsica\/index.php\/2011\/05\/03\/incendies\/\"]}]},{\"@type\":\"BreadcrumbList\",\"@id\":\"https:\/\/etpourtantcatourne.corsica\/index.php\/2011\/05\/03\/incendies\/#breadcrumb\",\"itemListElement\":[{\"@type\":\"ListItem\",\"position\":1,\"name\":\"Accueil\",\"item\":\"https:\/\/etpourtantcatourne.corsica\/\"},{\"@type\":\"ListItem\",\"position\":2,\"name\":\"Incendies\"}]},{\"@type\":\"WebSite\",\"@id\":\"https:\/\/etpourtantcatourne.corsica\/#website\",\"url\":\"https:\/\/etpourtantcatourne.corsica\/\",\"name\":\"Et pourtant \u00e7a tourne\",\"description\":\"\",\"publisher\":{\"@id\":\"https:\/\/etpourtantcatourne.corsica\/#organization\"},\"potentialAction\":[{\"@type\":\"SearchAction\",\"target\":{\"@type\":\"EntryPoint\",\"urlTemplate\":\"https:\/\/etpourtantcatourne.corsica\/?s={search_term_string}\"},\"query-input\":\"required name=search_term_string\"}],\"inLanguage\":\"fr-FR\"},{\"@type\":\"Organization\",\"@id\":\"https:\/\/etpourtantcatourne.corsica\/#organization\",\"name\":\"Et pourtant \u00e7a tourne\",\"url\":\"https:\/\/etpourtantcatourne.corsica\/\",\"logo\":{\"@type\":\"ImageObject\",\"inLanguage\":\"fr-FR\",\"@id\":\"https:\/\/etpourtantcatourne.corsica\/#\/schema\/logo\/image\/\",\"url\":\"https:\/\/etpourtantcatourne.corsica\/www\/wp-content\/uploads\/2023\/01\/etpourtantcatourne-1920-1.jpg\",\"contentUrl\":\"https:\/\/etpourtantcatourne.corsica\/www\/wp-content\/uploads\/2023\/01\/etpourtantcatourne-1920-1.jpg\",\"width\":779,\"height\":557,\"caption\":\"Et pourtant \u00e7a tourne\"},\"image\":{\"@id\":\"https:\/\/etpourtantcatourne.corsica\/#\/schema\/logo\/image\/\"},\"sameAs\":[\"https:\/\/www.facebook.com\/epct.etpourtantcatourne\/\"]},{\"@type\":\"Person\",\"@id\":\"https:\/\/etpourtantcatourne.corsica\/#\/schema\/person\/21665a3727dfb12a5a57e703ca480c9a\",\"name\":\"Benjamin\",\"image\":{\"@type\":\"ImageObject\",\"inLanguage\":\"fr-FR\",\"@id\":\"https:\/\/etpourtantcatourne.corsica\/#\/schema\/person\/image\/\",\"url\":\"https:\/\/secure.gravatar.com\/avatar\/b65e1b462424c1592234e2745923954dd1955479b6631966d05e1ad007b4439d?s=96&d=mm&r=g\",\"contentUrl\":\"https:\/\/secure.gravatar.com\/avatar\/b65e1b462424c1592234e2745923954dd1955479b6631966d05e1ad007b4439d?s=96&d=mm&r=g\",\"caption\":\"Benjamin\"},\"url\":\"https:\/\/etpourtantcatourne.corsica\/index.php\/author\/tako\/\"}]}<\/script>\n<!-- \/ Yoast SEO plugin. -->","yoast_head_json":{"title":"Incendies - Et pourtant \u00e7a tourne","robots":{"index":"index","follow":"follow","max-snippet":"max-snippet:-1","max-image-preview":"max-image-preview:large","max-video-preview":"max-video-preview:-1"},"canonical":"https:\/\/etpourtantcatourne.corsica\/index.php\/2011\/05\/03\/incendies\/","og_locale":"fr_FR","og_type":"article","og_title":"Incendies - Et pourtant \u00e7a tourne","og_description":"Duis ornare, est at lobortis mollis - libero mollis facilisis dolorus urabitur orci, vitae congue neque lectus neque. Aliquam lorem ipsum amet dolor ultrices erat.","og_url":"https:\/\/etpourtantcatourne.corsica\/index.php\/2011\/05\/03\/incendies\/","og_site_name":"Et pourtant \u00e7a tourne","article_publisher":"https:\/\/www.facebook.com\/epct.etpourtantcatourne\/","article_published_time":"2011-05-03T14:46:13+00:00","article_modified_time":"2022-09-22T14:50:28+00:00","og_image":[{"width":300,"height":400,"url":"https:\/\/etpourtantcatourne.corsica\/www\/wp-content\/uploads\/2022\/09\/incendies0.jpg","type":"image\/jpeg"}],"author":"Benjamin","twitter_card":"summary_large_image","twitter_misc":{"\u00c9crit par":"Benjamin","Dur\u00e9e de lecture estim\u00e9e":"5 minutes"},"schema":{"@context":"https:\/\/schema.org","@graph":[{"@type":"Article","@id":"https:\/\/etpourtantcatourne.corsica\/index.php\/2011\/05\/03\/incendies\/#article","isPartOf":{"@id":"https:\/\/etpourtantcatourne.corsica\/index.php\/2011\/05\/03\/incendies\/"},"author":{"name":"Benjamin","@id":"https:\/\/etpourtantcatourne.corsica\/#\/schema\/person\/21665a3727dfb12a5a57e703ca480c9a"},"headline":"Incendies","datePublished":"2011-05-03T14:46:13+00:00","dateModified":"2022-09-22T14:50:28+00:00","mainEntityOfPage":{"@id":"https:\/\/etpourtantcatourne.corsica\/index.php\/2011\/05\/03\/incendies\/"},"wordCount":1003,"commentCount":0,"publisher":{"@id":"https:\/\/etpourtantcatourne.corsica\/#organization"},"articleSection":["2011"],"inLanguage":"fr-FR","potentialAction":[{"@type":"CommentAction","name":"Comment","target":["https:\/\/etpourtantcatourne.corsica\/index.php\/2011\/05\/03\/incendies\/#respond"]}]},{"@type":"WebPage","@id":"https:\/\/etpourtantcatourne.corsica\/index.php\/2011\/05\/03\/incendies\/","url":"https:\/\/etpourtantcatourne.corsica\/index.php\/2011\/05\/03\/incendies\/","name":"Incendies - Et pourtant \u00e7a tourne","isPartOf":{"@id":"https:\/\/etpourtantcatourne.corsica\/#website"},"datePublished":"2011-05-03T14:46:13+00:00","dateModified":"2022-09-22T14:50:28+00:00","breadcrumb":{"@id":"https:\/\/etpourtantcatourne.corsica\/index.php\/2011\/05\/03\/incendies\/#breadcrumb"},"inLanguage":"fr-FR","potentialAction":[{"@type":"ReadAction","target":["https:\/\/etpourtantcatourne.corsica\/index.php\/2011\/05\/03\/incendies\/"]}]},{"@type":"BreadcrumbList","@id":"https:\/\/etpourtantcatourne.corsica\/index.php\/2011\/05\/03\/incendies\/#breadcrumb","itemListElement":[{"@type":"ListItem","position":1,"name":"Accueil","item":"https:\/\/etpourtantcatourne.corsica\/"},{"@type":"ListItem","position":2,"name":"Incendies"}]},{"@type":"WebSite","@id":"https:\/\/etpourtantcatourne.corsica\/#website","url":"https:\/\/etpourtantcatourne.corsica\/","name":"Et pourtant \u00e7a tourne","description":"","publisher":{"@id":"https:\/\/etpourtantcatourne.corsica\/#organization"},"potentialAction":[{"@type":"SearchAction","target":{"@type":"EntryPoint","urlTemplate":"https:\/\/etpourtantcatourne.corsica\/?s={search_term_string}"},"query-input":"required name=search_term_string"}],"inLanguage":"fr-FR"},{"@type":"Organization","@id":"https:\/\/etpourtantcatourne.corsica\/#organization","name":"Et pourtant \u00e7a tourne","url":"https:\/\/etpourtantcatourne.corsica\/","logo":{"@type":"ImageObject","inLanguage":"fr-FR","@id":"https:\/\/etpourtantcatourne.corsica\/#\/schema\/logo\/image\/","url":"https:\/\/etpourtantcatourne.corsica\/www\/wp-content\/uploads\/2023\/01\/etpourtantcatourne-1920-1.jpg","contentUrl":"https:\/\/etpourtantcatourne.corsica\/www\/wp-content\/uploads\/2023\/01\/etpourtantcatourne-1920-1.jpg","width":779,"height":557,"caption":"Et pourtant \u00e7a tourne"},"image":{"@id":"https:\/\/etpourtantcatourne.corsica\/#\/schema\/logo\/image\/"},"sameAs":["https:\/\/www.facebook.com\/epct.etpourtantcatourne\/"]},{"@type":"Person","@id":"https:\/\/etpourtantcatourne.corsica\/#\/schema\/person\/21665a3727dfb12a5a57e703ca480c9a","name":"Benjamin","image":{"@type":"ImageObject","inLanguage":"fr-FR","@id":"https:\/\/etpourtantcatourne.corsica\/#\/schema\/person\/image\/","url":"https:\/\/secure.gravatar.com\/avatar\/b65e1b462424c1592234e2745923954dd1955479b6631966d05e1ad007b4439d?s=96&d=mm&r=g","contentUrl":"https:\/\/secure.gravatar.com\/avatar\/b65e1b462424c1592234e2745923954dd1955479b6631966d05e1ad007b4439d?s=96&d=mm&r=g","caption":"Benjamin"},"url":"https:\/\/etpourtantcatourne.corsica\/index.php\/author\/tako\/"}]}},"_links":{"self":[{"href":"https:\/\/etpourtantcatourne.corsica\/index.php\/wp-json\/wp\/v2\/posts\/58668","targetHints":{"allow":["GET"]}}],"collection":[{"href":"https:\/\/etpourtantcatourne.corsica\/index.php\/wp-json\/wp\/v2\/posts"}],"about":[{"href":"https:\/\/etpourtantcatourne.corsica\/index.php\/wp-json\/wp\/v2\/types\/post"}],"author":[{"embeddable":true,"href":"https:\/\/etpourtantcatourne.corsica\/index.php\/wp-json\/wp\/v2\/users\/2"}],"replies":[{"embeddable":true,"href":"https:\/\/etpourtantcatourne.corsica\/index.php\/wp-json\/wp\/v2\/comments?post=58668"}],"version-history":[{"count":1,"href":"https:\/\/etpourtantcatourne.corsica\/index.php\/wp-json\/wp\/v2\/posts\/58668\/revisions"}],"predecessor-version":[{"id":58670,"href":"https:\/\/etpourtantcatourne.corsica\/index.php\/wp-json\/wp\/v2\/posts\/58668\/revisions\/58670"}],"wp:featuredmedia":[{"embeddable":true,"href":"https:\/\/etpourtantcatourne.corsica\/index.php\/wp-json\/wp\/v2\/media\/58669"}],"wp:attachment":[{"href":"https:\/\/etpourtantcatourne.corsica\/index.php\/wp-json\/wp\/v2\/media?parent=58668"}],"wp:term":[{"taxonomy":"category","embeddable":true,"href":"https:\/\/etpourtantcatourne.corsica\/index.php\/wp-json\/wp\/v2\/categories?post=58668"},{"taxonomy":"post_tag","embeddable":true,"href":"https:\/\/etpourtantcatourne.corsica\/index.php\/wp-json\/wp\/v2\/tags?post=58668"}],"curies":[{"name":"wp","href":"https:\/\/api.w.org\/{rel}","templated":true}]}}