{"id":58395,"date":"2022-08-28T15:28:36","date_gmt":"2022-08-28T13:28:36","guid":{"rendered":"http:\/\/gjughcs.cluster031.hosting.ovh.net\/?p=58395"},"modified":"2023-01-19T14:39:41","modified_gmt":"2023-01-19T13:39:41","slug":"tu-si2","status":"publish","type":"post","link":"https:\/\/etpourtantcatourne.corsica\/index.php\/2022\/08\/28\/tu-si2\/","title":{"rendered":"T\u00f9 si\u20262"},"content":{"rendered":"<p>[vc_row][vc_column][vc_empty_space height=\"30px\"]<div id=\"ultimate-heading-630869f18713ae396\" class=\"uvc-heading ult-adjust-bottom-margin ultimate-heading-630869f18713ae396 uvc-53  uvc-heading-default-font-sizes\" data-hspacer=\"no_spacer\"  data-halign=\"center\" style=\"text-align:center\"><div class=\"uvc-heading-spacer no_spacer\" style=\"top\"><\/div><div class=\"uvc-main-heading ult-responsive\"  data-ultimate-target='.uvc-heading.ultimate-heading-630869f18713ae396 h1'  data-responsive-json-new='{\"font-size\":\"\",\"line-height\":\"\"}' ><h1 style=\"--font-weight:theme;color:#ff803a;\">T\u00f9 si\u20262<\/h1><\/div><\/div>[vc_empty_space height=\"40px\"][vc_column_text css=\".vc_custom_1661693176993{margin-top: -10px !important;}\"]<\/p>\n<h3 style=\"text-align: center;\"><b>Et Pourtant \u00c7a Tourne<\/b> \u2013 f\u00eate ses 20 ans, une deuxi\u00e8me fois\u00a0!!<\/h3>\n<h3 style=\"text-align: center;\">Du 9 septembre au 13 septembre 2022<\/h3>\n<h3 style=\"text-align: center;\">Projections, Expositions, Spectacles, Rencontres, \u2026.<\/h3>\n<p>[\/vc_column_text][vc_empty_space height=\"25px\"][\/vc_column][\/vc_row][vc_row][vc_column][vc_row_inner content_placement=\"middle\" gap=\"25\"][vc_column_inner width=\"1\/2\"][vc_single_image image=\"58565\" img_size=\"500x500\" alignment=\"center\" onclick=\"link_image\"][\/vc_column_inner][vc_column_inner width=\"1\/2\"][vc_column_text]<\/p>\n<h3 style=\"text-align: left; color: #ff803a;\">Vendredi 9 septembre :<strong><br \/>\n<\/strong><\/h3>\n<p><strong>- 15h \u00e0 18h - Atelier Danse FA, Parc de Saleccia<\/strong><br \/>\nAvec Vincent HARIDSO, Chor\u00e9graphe<br \/>\n<em>Ouvert aux non-adh\u00e9rents et gratuit pour les adh\u00e9rents de l\u2019association<\/em><\/p>\n<p><strong>- 19 h - Vernissage au Parc de Saleccia<\/strong><br \/>\nExposition du 8 septembre au 28 septembre 2022<br \/>\n\u00ab <strong>T\u00f9 si\u2026 2<\/strong> \u00bb : Exposition d\u2019Art contemporain \u2013 \u00ab <strong>Paysages et Horizons<\/strong> \u00bb<br \/>\n\u0152uvres de : Martin BOON, Linda CALDERON, Christian HUMBERT-DROZ, Amandine JOSET, Gunna MATTHIASDOTTIR, Vincent MILLELERI et Fran\u00e7ois RETALI.<\/p>\n<p><strong>- 20 h 30 - Projection en plein air - Parc de Saleccia<\/strong><br \/>\n\u00ab <strong>LES FANT\u00d4MES DE JOANA ET KHALIL<\/strong> \u00bb documentaire de et en pr\u00e9sence de Laurent BILLARD (26\u2019-2009) - <em>Collection Un certain regard du Sud, Portraits de cin\u00e9astes m\u00e9diterran\u00e9ens, autour de Joana HADJITHOMMAS et Khalil JOREIGE<\/em><br \/>\n\u00ab <strong>MEMORY BOX<\/strong> \u00bb de Joana HADJITHOMMAS et Khalil JOREIGE (Fict. 1h40 - France-2022)[\/vc_column_text][\/vc_column_inner][\/vc_row_inner][vc_row_inner gap=\"25\"][vc_column_inner width=\"1\/2\"][vc_column_text]<\/p>\n<h3 style=\"text-align: left; color: #ff803a;\">Samedi 10 septembre :<\/h3>\n<p><strong>- 15h \u00e0 18h - Atelier Danse FA, Parc de Saleccia<\/strong><br \/>\nAvec Vincent HARIDSO, Chor\u00e9graphe<\/p>\n<p><strong>- 18 h 30 - Projection \u2013 Salle du Parc de Saleccia<\/strong><br \/>\n\u00ab PIERRE SALVADORI, <strong>CHRONIQUE D\u2019UNE COM\u00c9DIE D\u2019\u00c9T\u00c9<\/strong> \u00bb<br \/>\nDocumentaire de Lavinie BOFFY (52\u2019 - 2022)<\/p>\n<p><strong>- 20 h 30 - Projection en plein air - Parc de Saleccia<\/strong><br \/>\nProjection d\u2019un programme de <strong>courts m\u00e9trages corses<\/strong> : \u00ab <strong>G\u00e9n\u00e9rations en devenir<\/strong> \u00bb<br \/>\n\u00ab <strong>ZITELLE IN ZERGA<\/strong> \u00bb de Doroth\u00e9e SEBBAGH et Isabelle CATALAN (10\u201955 - 2022)<br \/>\n\u201c <strong>\u00c7A VA S\u2019ARRANGER<\/strong> \u00bb d\u2019Antoine OGIER (29\u2019 \u2013 2022) Prix de la critique au 15e nuit Med (2022)<br \/>\n\u00ab <strong>KHEIR INSHALLAH<\/strong> \u00bb de et en pr\u00e9sence de Stephan REGOLI (24\u2019 - 2022)<br \/>\n\u00ab <strong>LOLA<\/strong> \u00bb de Silvia STADEROLI (15\u2019 - 2022)<br \/>\n\u00ab <strong>ROSALIE ET C\u00c9SAR<\/strong> \u00bb de Joan BORDERIE (20\u2019 - 2021)<br \/>\n\u00ab <strong>IN FESTA<\/strong> \u00bb de H\u00e9l\u00e8ne GIUDICELLI (18\u2019 - 2022)[\/vc_column_text][\/vc_column_inner][vc_column_inner width=\"1\/2\"][vc_column_text]<\/p>\n<h3 style=\"text-align: left; color: #ff803a;\">Dimanche 11 septembre :<\/h3>\n<p><strong>- 15h \u00e0 18h - Atelier Danse FA, Parc de Saleccia<\/strong><br \/>\nAvec Vincent HARIDSO, Chor\u00e9graphe<\/p>\n<p><strong>- 20 h 30 \u2013 Deux cr\u00e9ations pour un spectacle \u2013 Parc de Saleccia<\/strong><br \/>\n. \u00ab <strong>T\u00f9 si\u2026<\/strong> \u00bb, une \u0153uvre sonore compos\u00e9e et orchestr\u00e9e par Jean-Louis MECHALI, (11\u201912)<br \/>\nVoix Gigi CASABIANCA (sur des mots de Jean-Pierre ORLIAC). Saxophone alto : Philippe SELLAM.<br \/>\nBatterie, percussions, paysages et traitements sonores : Jean-Louis MECHALI. Enregistrement et mixage : Ant\u00f2 SICURANI<br \/>\nEn trois plans s\u00e9quences :<\/p>\n<p>1\/ le tumulte aux dents longues.<\/p>\n<p>2\/ le dialogue des cornes de brumes (Tout laisser et partir).<\/p>\n<p>3\/ le rythme en 5\/4 des tourterelles corses.<\/p>\n<p><strong>Vid\u00e9oArt <\/strong>de Fabien DELISLE, (environ 45\u2019) Parc de Saleccia<br \/>\n<em>Pour r\u00eaver sous la beaut\u00e9 du ciel, dans un lieu insolite du Parc, entrez dans le territoire num\u00e9rique avec les images et les sons en mouvement, enregistr\u00e9s et cr\u00e9\u00e9s sur place, en live, par une virtuose du vid\u00e9oArt.<\/em>[\/vc_column_text][\/vc_column_inner][\/vc_row_inner][vc_row_inner content_placement=\"middle\"][vc_column_inner width=\"1\/3\"][vc_column_text]<\/p>\n<h3 style=\"text-align: left; color: #ff803a;\">Mardi 13 septembre<\/h3>\n<p>- 20 h 30 - Projection au cin\u00e9ma Le Fogata \u2013 \u00cele-Rousse<br \/>\n\u00ab <strong>LA PETITE BANDE<\/strong> \u00bb de et en pr\u00e9sence de <strong>Pierre SALVADORI<\/strong> (Fict. 1h48 - France-2022)<\/p>\n<h4 style=\"color: #ff803a;\">Synopsis :<\/h4>\n<p>La petite bande, c\u2019est Cat, Fouad, Antoine et Sami, quatre coll\u00e9giens de 12 ans. Par fiert\u00e9 et provocation, ils s\u2019embarquent dans un projet fou : faire sauter l\u2019usine qui pollue leur rivi\u00e8re depuis des ann\u00e9es. Mais dans le groupe fra\u00eechement form\u00e9 les d\u00e9saccords sont fr\u00e9quents et les votes \u00e0 \u00e9galit\u00e9 paralysent constamment l\u2019action. Pour se d\u00e9partager, ils d\u00e9cident alors de faire rentrer dans leur petite bande, Aim\u00e9, un gamin rejet\u00e9 et solitaire. Aussi excit\u00e9s qu\u2019affol\u00e9s par l\u2019ampleur de leur mission, les cinq complices vont apprendre \u00e0 vivre et \u00e0 se battre ensemble dans cette aventure dr\u00f4le et incertaine qui va totalement les d\u00e9passer.[\/vc_column_text][\/vc_column_inner][vc_column_inner width=\"1\/3\"][vc_single_image image=\"58396\" img_size=\"full\" alignment=\"center\" onclick=\"link_image\"][\/vc_column_inner][vc_column_inner width=\"1\/3\"][vc_column_text]<\/p>\n<h5 style=\"text-align: center;\">Bande d'annonce<\/h5>\n<div id=\"blogvision\"><iframe style=\"width: 327px; height: 184px;\" src=\"https:\/\/player.allocine.fr\/19596927.html\"><\/iframe><\/div>\n<p>[\/vc_column_text][\/vc_column_inner][\/vc_row_inner][\/vc_column][\/vc_row]<\/p>\n","protected":false},"excerpt":{"rendered":"<p>Duis ornare, est at lobortis mollis - libero mollis  facilisis dolorus urabitur orci, vitae congue neque lectus neque. Aliquam lorem ipsum amet dolor ultrices erat.<\/p>\n","protected":false},"author":2,"featured_media":58565,"comment_status":"open","ping_status":"open","sticky":false,"template":"","format":"standard","meta":{"footnotes":""},"categories":[534,536],"tags":[],"class_list":{"0":"post-58395","1":"post","2":"type-post","3":"status-publish","4":"format-standard","5":"has-post-thumbnail","6":"hentry","7":"category-534","8":"category-news","10":"category-536","11":"description-off"},"yoast_head":"<!-- This site is optimized with the Yoast SEO plugin v19.14 - https:\/\/yoast.com\/wordpress\/plugins\/seo\/ -->\n<title>T\u00f9 si\u20262 - Et pourtant \u00e7a tourne<\/title>\n<meta name=\"robots\" content=\"index, follow, max-snippet:-1, max-image-preview:large, max-video-preview:-1\" \/>\n<link rel=\"canonical\" href=\"https:\/\/etpourtantcatourne.corsica\/index.php\/2022\/08\/28\/tu-si2\/\" \/>\n<meta property=\"og:locale\" content=\"fr_FR\" \/>\n<meta property=\"og:type\" content=\"article\" \/>\n<meta property=\"og:title\" content=\"T\u00f9 si\u20262 - Et pourtant \u00e7a tourne\" \/>\n<meta property=\"og:description\" content=\"Duis ornare, est at lobortis mollis - libero mollis facilisis dolorus urabitur orci, vitae congue neque lectus neque. Aliquam lorem ipsum amet dolor ultrices erat.\" \/>\n<meta property=\"og:url\" content=\"https:\/\/etpourtantcatourne.corsica\/index.php\/2022\/08\/28\/tu-si2\/\" \/>\n<meta property=\"og:site_name\" content=\"Et pourtant \u00e7a tourne\" \/>\n<meta property=\"article:publisher\" content=\"https:\/\/www.facebook.com\/epct.etpourtantcatourne\/\" \/>\n<meta property=\"article:published_time\" content=\"2022-08-28T13:28:36+00:00\" \/>\n<meta property=\"article:modified_time\" content=\"2023-01-19T13:39:41+00:00\" \/>\n<meta property=\"og:image\" content=\"https:\/\/etpourtantcatourne.corsica\/www\/wp-content\/uploads\/2022\/08\/tu-si-2.jpg\" \/>\n\t<meta property=\"og:image:width\" content=\"1080\" \/>\n\t<meta property=\"og:image:height\" content=\"1080\" \/>\n\t<meta property=\"og:image:type\" content=\"image\/jpeg\" \/>\n<meta name=\"author\" content=\"Benjamin\" \/>\n<meta name=\"twitter:card\" content=\"summary_large_image\" \/>\n<meta name=\"twitter:label1\" content=\"\u00c9crit par\" \/>\n\t<meta name=\"twitter:data1\" content=\"Benjamin\" \/>\n\t<meta name=\"twitter:label2\" content=\"Dur\u00e9e de lecture estim\u00e9e\" \/>\n\t<meta name=\"twitter:data2\" content=\"4 minutes\" \/>\n<script type=\"application\/ld+json\" class=\"yoast-schema-graph\">{\"@context\":\"https:\/\/schema.org\",\"@graph\":[{\"@type\":\"Article\",\"@id\":\"https:\/\/etpourtantcatourne.corsica\/index.php\/2022\/08\/28\/tu-si2\/#article\",\"isPartOf\":{\"@id\":\"https:\/\/etpourtantcatourne.corsica\/index.php\/2022\/08\/28\/tu-si2\/\"},\"author\":{\"name\":\"Benjamin\",\"@id\":\"https:\/\/etpourtantcatourne.corsica\/#\/schema\/person\/21665a3727dfb12a5a57e703ca480c9a\"},\"headline\":\"T\u00f9 si\u20262\",\"datePublished\":\"2022-08-28T13:28:36+00:00\",\"dateModified\":\"2023-01-19T13:39:41+00:00\",\"mainEntityOfPage\":{\"@id\":\"https:\/\/etpourtantcatourne.corsica\/index.php\/2022\/08\/28\/tu-si2\/\"},\"wordCount\":756,\"commentCount\":0,\"publisher\":{\"@id\":\"https:\/\/etpourtantcatourne.corsica\/#organization\"},\"articleSection\":[\"2022\",\"News\"],\"inLanguage\":\"fr-FR\",\"potentialAction\":[{\"@type\":\"CommentAction\",\"name\":\"Comment\",\"target\":[\"https:\/\/etpourtantcatourne.corsica\/index.php\/2022\/08\/28\/tu-si2\/#respond\"]}]},{\"@type\":\"WebPage\",\"@id\":\"https:\/\/etpourtantcatourne.corsica\/index.php\/2022\/08\/28\/tu-si2\/\",\"url\":\"https:\/\/etpourtantcatourne.corsica\/index.php\/2022\/08\/28\/tu-si2\/\",\"name\":\"T\u00f9 si\u20262 - Et pourtant \u00e7a tourne\",\"isPartOf\":{\"@id\":\"https:\/\/etpourtantcatourne.corsica\/#website\"},\"datePublished\":\"2022-08-28T13:28:36+00:00\",\"dateModified\":\"2023-01-19T13:39:41+00:00\",\"breadcrumb\":{\"@id\":\"https:\/\/etpourtantcatourne.corsica\/index.php\/2022\/08\/28\/tu-si2\/#breadcrumb\"},\"inLanguage\":\"fr-FR\",\"potentialAction\":[{\"@type\":\"ReadAction\",\"target\":[\"https:\/\/etpourtantcatourne.corsica\/index.php\/2022\/08\/28\/tu-si2\/\"]}]},{\"@type\":\"BreadcrumbList\",\"@id\":\"https:\/\/etpourtantcatourne.corsica\/index.php\/2022\/08\/28\/tu-si2\/#breadcrumb\",\"itemListElement\":[{\"@type\":\"ListItem\",\"position\":1,\"name\":\"Accueil\",\"item\":\"https:\/\/etpourtantcatourne.corsica\/\"},{\"@type\":\"ListItem\",\"position\":2,\"name\":\"T\u00f9 si\u20262\"}]},{\"@type\":\"WebSite\",\"@id\":\"https:\/\/etpourtantcatourne.corsica\/#website\",\"url\":\"https:\/\/etpourtantcatourne.corsica\/\",\"name\":\"Et pourtant \u00e7a tourne\",\"description\":\"\",\"publisher\":{\"@id\":\"https:\/\/etpourtantcatourne.corsica\/#organization\"},\"potentialAction\":[{\"@type\":\"SearchAction\",\"target\":{\"@type\":\"EntryPoint\",\"urlTemplate\":\"https:\/\/etpourtantcatourne.corsica\/?s={search_term_string}\"},\"query-input\":\"required name=search_term_string\"}],\"inLanguage\":\"fr-FR\"},{\"@type\":\"Organization\",\"@id\":\"https:\/\/etpourtantcatourne.corsica\/#organization\",\"name\":\"Et pourtant \u00e7a tourne\",\"url\":\"https:\/\/etpourtantcatourne.corsica\/\",\"logo\":{\"@type\":\"ImageObject\",\"inLanguage\":\"fr-FR\",\"@id\":\"https:\/\/etpourtantcatourne.corsica\/#\/schema\/logo\/image\/\",\"url\":\"https:\/\/etpourtantcatourne.corsica\/www\/wp-content\/uploads\/2023\/01\/etpourtantcatourne-1920-1.jpg\",\"contentUrl\":\"https:\/\/etpourtantcatourne.corsica\/www\/wp-content\/uploads\/2023\/01\/etpourtantcatourne-1920-1.jpg\",\"width\":779,\"height\":557,\"caption\":\"Et pourtant \u00e7a tourne\"},\"image\":{\"@id\":\"https:\/\/etpourtantcatourne.corsica\/#\/schema\/logo\/image\/\"},\"sameAs\":[\"https:\/\/www.facebook.com\/epct.etpourtantcatourne\/\"]},{\"@type\":\"Person\",\"@id\":\"https:\/\/etpourtantcatourne.corsica\/#\/schema\/person\/21665a3727dfb12a5a57e703ca480c9a\",\"name\":\"Benjamin\",\"image\":{\"@type\":\"ImageObject\",\"inLanguage\":\"fr-FR\",\"@id\":\"https:\/\/etpourtantcatourne.corsica\/#\/schema\/person\/image\/\",\"url\":\"https:\/\/secure.gravatar.com\/avatar\/b65e1b462424c1592234e2745923954dd1955479b6631966d05e1ad007b4439d?s=96&d=mm&r=g\",\"contentUrl\":\"https:\/\/secure.gravatar.com\/avatar\/b65e1b462424c1592234e2745923954dd1955479b6631966d05e1ad007b4439d?s=96&d=mm&r=g\",\"caption\":\"Benjamin\"},\"url\":\"https:\/\/etpourtantcatourne.corsica\/index.php\/author\/tako\/\"}]}<\/script>\n<!-- \/ Yoast SEO plugin. -->","yoast_head_json":{"title":"T\u00f9 si\u20262 - Et pourtant \u00e7a tourne","robots":{"index":"index","follow":"follow","max-snippet":"max-snippet:-1","max-image-preview":"max-image-preview:large","max-video-preview":"max-video-preview:-1"},"canonical":"https:\/\/etpourtantcatourne.corsica\/index.php\/2022\/08\/28\/tu-si2\/","og_locale":"fr_FR","og_type":"article","og_title":"T\u00f9 si\u20262 - Et pourtant \u00e7a tourne","og_description":"Duis ornare, est at lobortis mollis - libero mollis facilisis dolorus urabitur orci, vitae congue neque lectus neque. Aliquam lorem ipsum amet dolor ultrices erat.","og_url":"https:\/\/etpourtantcatourne.corsica\/index.php\/2022\/08\/28\/tu-si2\/","og_site_name":"Et pourtant \u00e7a tourne","article_publisher":"https:\/\/www.facebook.com\/epct.etpourtantcatourne\/","article_published_time":"2022-08-28T13:28:36+00:00","article_modified_time":"2023-01-19T13:39:41+00:00","og_image":[{"width":1080,"height":1080,"url":"https:\/\/etpourtantcatourne.corsica\/www\/wp-content\/uploads\/2022\/08\/tu-si-2.jpg","type":"image\/jpeg"}],"author":"Benjamin","twitter_card":"summary_large_image","twitter_misc":{"\u00c9crit par":"Benjamin","Dur\u00e9e de lecture estim\u00e9e":"4 minutes"},"schema":{"@context":"https:\/\/schema.org","@graph":[{"@type":"Article","@id":"https:\/\/etpourtantcatourne.corsica\/index.php\/2022\/08\/28\/tu-si2\/#article","isPartOf":{"@id":"https:\/\/etpourtantcatourne.corsica\/index.php\/2022\/08\/28\/tu-si2\/"},"author":{"name":"Benjamin","@id":"https:\/\/etpourtantcatourne.corsica\/#\/schema\/person\/21665a3727dfb12a5a57e703ca480c9a"},"headline":"T\u00f9 si\u20262","datePublished":"2022-08-28T13:28:36+00:00","dateModified":"2023-01-19T13:39:41+00:00","mainEntityOfPage":{"@id":"https:\/\/etpourtantcatourne.corsica\/index.php\/2022\/08\/28\/tu-si2\/"},"wordCount":756,"commentCount":0,"publisher":{"@id":"https:\/\/etpourtantcatourne.corsica\/#organization"},"articleSection":["2022","News"],"inLanguage":"fr-FR","potentialAction":[{"@type":"CommentAction","name":"Comment","target":["https:\/\/etpourtantcatourne.corsica\/index.php\/2022\/08\/28\/tu-si2\/#respond"]}]},{"@type":"WebPage","@id":"https:\/\/etpourtantcatourne.corsica\/index.php\/2022\/08\/28\/tu-si2\/","url":"https:\/\/etpourtantcatourne.corsica\/index.php\/2022\/08\/28\/tu-si2\/","name":"T\u00f9 si\u20262 - Et pourtant \u00e7a tourne","isPartOf":{"@id":"https:\/\/etpourtantcatourne.corsica\/#website"},"datePublished":"2022-08-28T13:28:36+00:00","dateModified":"2023-01-19T13:39:41+00:00","breadcrumb":{"@id":"https:\/\/etpourtantcatourne.corsica\/index.php\/2022\/08\/28\/tu-si2\/#breadcrumb"},"inLanguage":"fr-FR","potentialAction":[{"@type":"ReadAction","target":["https:\/\/etpourtantcatourne.corsica\/index.php\/2022\/08\/28\/tu-si2\/"]}]},{"@type":"BreadcrumbList","@id":"https:\/\/etpourtantcatourne.corsica\/index.php\/2022\/08\/28\/tu-si2\/#breadcrumb","itemListElement":[{"@type":"ListItem","position":1,"name":"Accueil","item":"https:\/\/etpourtantcatourne.corsica\/"},{"@type":"ListItem","position":2,"name":"T\u00f9 si\u20262"}]},{"@type":"WebSite","@id":"https:\/\/etpourtantcatourne.corsica\/#website","url":"https:\/\/etpourtantcatourne.corsica\/","name":"Et pourtant \u00e7a tourne","description":"","publisher":{"@id":"https:\/\/etpourtantcatourne.corsica\/#organization"},"potentialAction":[{"@type":"SearchAction","target":{"@type":"EntryPoint","urlTemplate":"https:\/\/etpourtantcatourne.corsica\/?s={search_term_string}"},"query-input":"required name=search_term_string"}],"inLanguage":"fr-FR"},{"@type":"Organization","@id":"https:\/\/etpourtantcatourne.corsica\/#organization","name":"Et pourtant \u00e7a tourne","url":"https:\/\/etpourtantcatourne.corsica\/","logo":{"@type":"ImageObject","inLanguage":"fr-FR","@id":"https:\/\/etpourtantcatourne.corsica\/#\/schema\/logo\/image\/","url":"https:\/\/etpourtantcatourne.corsica\/www\/wp-content\/uploads\/2023\/01\/etpourtantcatourne-1920-1.jpg","contentUrl":"https:\/\/etpourtantcatourne.corsica\/www\/wp-content\/uploads\/2023\/01\/etpourtantcatourne-1920-1.jpg","width":779,"height":557,"caption":"Et pourtant \u00e7a tourne"},"image":{"@id":"https:\/\/etpourtantcatourne.corsica\/#\/schema\/logo\/image\/"},"sameAs":["https:\/\/www.facebook.com\/epct.etpourtantcatourne\/"]},{"@type":"Person","@id":"https:\/\/etpourtantcatourne.corsica\/#\/schema\/person\/21665a3727dfb12a5a57e703ca480c9a","name":"Benjamin","image":{"@type":"ImageObject","inLanguage":"fr-FR","@id":"https:\/\/etpourtantcatourne.corsica\/#\/schema\/person\/image\/","url":"https:\/\/secure.gravatar.com\/avatar\/b65e1b462424c1592234e2745923954dd1955479b6631966d05e1ad007b4439d?s=96&d=mm&r=g","contentUrl":"https:\/\/secure.gravatar.com\/avatar\/b65e1b462424c1592234e2745923954dd1955479b6631966d05e1ad007b4439d?s=96&d=mm&r=g","caption":"Benjamin"},"url":"https:\/\/etpourtantcatourne.corsica\/index.php\/author\/tako\/"}]}},"_links":{"self":[{"href":"https:\/\/etpourtantcatourne.corsica\/index.php\/wp-json\/wp\/v2\/posts\/58395","targetHints":{"allow":["GET"]}}],"collection":[{"href":"https:\/\/etpourtantcatourne.corsica\/index.php\/wp-json\/wp\/v2\/posts"}],"about":[{"href":"https:\/\/etpourtantcatourne.corsica\/index.php\/wp-json\/wp\/v2\/types\/post"}],"author":[{"embeddable":true,"href":"https:\/\/etpourtantcatourne.corsica\/index.php\/wp-json\/wp\/v2\/users\/2"}],"replies":[{"embeddable":true,"href":"https:\/\/etpourtantcatourne.corsica\/index.php\/wp-json\/wp\/v2\/comments?post=58395"}],"version-history":[{"count":17,"href":"https:\/\/etpourtantcatourne.corsica\/index.php\/wp-json\/wp\/v2\/posts\/58395\/revisions"}],"predecessor-version":[{"id":58602,"href":"https:\/\/etpourtantcatourne.corsica\/index.php\/wp-json\/wp\/v2\/posts\/58395\/revisions\/58602"}],"wp:featuredmedia":[{"embeddable":true,"href":"https:\/\/etpourtantcatourne.corsica\/index.php\/wp-json\/wp\/v2\/media\/58565"}],"wp:attachment":[{"href":"https:\/\/etpourtantcatourne.corsica\/index.php\/wp-json\/wp\/v2\/media?parent=58395"}],"wp:term":[{"taxonomy":"category","embeddable":true,"href":"https:\/\/etpourtantcatourne.corsica\/index.php\/wp-json\/wp\/v2\/categories?post=58395"},{"taxonomy":"post_tag","embeddable":true,"href":"https:\/\/etpourtantcatourne.corsica\/index.php\/wp-json\/wp\/v2\/tags?post=58395"}],"curies":[{"name":"wp","href":"https:\/\/api.w.org\/{rel}","templated":true}]}}