{"id":58290,"date":"2013-06-13T15:09:13","date_gmt":"2013-06-13T13:09:13","guid":{"rendered":"http:\/\/gjughcs.cluster031.hosting.ovh.net\/?p=58290"},"modified":"2022-08-22T15:20:00","modified_gmt":"2022-08-22T13:20:00","slug":"les-toiles-du-court-edition-2013","status":"publish","type":"post","link":"https:\/\/etpourtantcatourne.corsica\/index.php\/2013\/06\/13\/les-toiles-du-court-edition-2013\/","title":{"rendered":"Les Toiles du Court - \u00e9dition 2013"},"content":{"rendered":"<p>[vc_row][vc_column][vc_empty_space height=\"30px\"]<div id=\"ultimate-heading-581869f20d7e3556e\" class=\"uvc-heading ult-adjust-bottom-margin ultimate-heading-581869f20d7e3556e uvc-1947  uvc-heading-default-font-sizes\" data-hspacer=\"no_spacer\"  data-halign=\"center\" style=\"text-align:center\"><div class=\"uvc-heading-spacer no_spacer\" style=\"top\"><\/div><div class=\"uvc-main-heading ult-responsive\"  data-ultimate-target='.uvc-heading.ultimate-heading-581869f20d7e3556e h2'  data-responsive-json-new='{\"font-size\":\"\",\"line-height\":\"\"}' ><h2 style=\"--font-weight:theme;\">Les Toiles du Court<\/h2><\/div><\/div>[vc_empty_space height=\"40px\"][vc_column_text]Bonjour, L'association <strong>Et Pourtant \u00c7a Tourne<\/strong> a eu la plaisir de vous annoncer le Festival \"Les Toiles du Court\" du jeudi 13 au samedi 15 juin au Parc de Saleccia. http:\/\/www.lestoilesducourt.com\/[\/vc_column_text][\/vc_column][\/vc_row][vc_row equal_height=\"yes\" content_placement=\"middle\" type=\"vc_default\"][vc_column width=\"1\/2\" css=\".vc_custom_1474103048679{padding-bottom: 50px !important;}\" offset=\"vc_hidden-xs\"][vc_single_image image=\"58291\" img_size=\"full\" alignment=\"center\" onclick=\"link_image\" lazy_loading=\"true\" css=\".vc_custom_1661173995214{margin-top: 5px !important;}\"][\/vc_column][vc_column width=\"1\/2\" css=\".vc_custom_1474102511508{padding-bottom: 50px !important;}\"][vc_column_text]<strong>Programmation sur le site :<\/strong><\/p>\n<p><strong>Jeudi 13 Juin<\/strong><br \/>\n-20h30 Pot d'accueil<br \/>\n-22h Projection des courts m\u00e9trages<\/p>\n<p><strong>Vendredi 14 Juin<\/strong><br \/>\n-21h Ouverture du parc<br \/>\n-22h Projection des courts m\u00e9trages<\/p>\n<p><strong>Samedi 15 Juin<\/strong><br \/>\n-14h30 Projection des films pour enfants<br \/>\n-14h30 Atelier Vid\u00e9o avec Fabien Delisle. (Rens 06 86 72 03 96)<br \/>\n-16h Go\u00fbter enfants<br \/>\n-18h Projection des films Kinofada Mai 2013 \" la Fen\u00eatre\" en collaboration avec l'association Ventu Di Mare[\/vc_column_text][\/vc_column][\/vc_row][vc_row css=\".vc_custom_1651842163901{margin-top: -20px !important;}\"][vc_column][vc_column_text]<strong>Fabien Delisle<\/strong> nous a fait l'immense plaisir d'\u00eatre pr\u00e9sent pendant tout le Festival \u00e0 Saleccia. Il a anim\u00e9 un atelier \u00e0 14h30.<br \/>\n-19h Projection du film \"FanFan Mattei - Figures du Possible\" en pr\u00e9sence du r\u00e9alisateur Fabien Delisle - 52 mn<br \/>\n-20h Restauration<br \/>\n-22h Annonce du Palmar\u00e8s 2013<\/p>\n<p>Laure Salama com\u00e9dienne et auteur nous a fait l'immense plaisir d'\u00eatre pr\u00e9sente toute la journ\u00e9e du samedi.<\/p>\n<p>Projection des courts m\u00e9trages prim\u00e9s<br \/>\nLe cin\u00e9ma insulaire a eu l'honneur, cette ann\u00e9e de rendre hommage \u00e0 No\u00eblle VINCENSINI<\/p>\n<p>\" DA LA PIAGHJA A LA MUNTAGNA \"<br \/>\n- 1977, documentaire, 1h<\/p>\n<p>Cl\u00f4ture du Festival 2013<\/p>\n<p>Nous vous avons attendus nombreux sur le parc de Saleccia!!!!<\/p>\n<p><em>Emilie, Charg\u00e9e de communication<\/em>[\/vc_column_text][\/vc_column][\/vc_row][vc_row][vc_column][vc_column_text]<\/p>\n<p style=\"text-align: center;\"><a href=\"http:\/\/gjughcs.cluster031.hosting.ovh.net\/index.php\/archive\/festival-les-toiles-du-court-du-jeudi-13-au-samedi-15-juin-2013\/\">Voir les photos<\/a><\/p>\n<p>[\/vc_column_text][\/vc_column][\/vc_row]<\/p>\n","protected":false},"excerpt":{"rendered":"<p>Duis ornare, est at lobortis mollis - libero mollis  facilisis dolorus urabitur orci, vitae congue neque lectus neque. Aliquam lorem ipsum amet dolor ultrices erat.<\/p>\n","protected":false},"author":2,"featured_media":58291,"comment_status":"open","ping_status":"open","sticky":false,"template":"","format":"standard","meta":{"footnotes":""},"categories":[525],"tags":[],"class_list":{"0":"post-58290","1":"post","2":"type-post","3":"status-publish","4":"format-standard","5":"has-post-thumbnail","6":"hentry","7":"category-525","9":"description-off"},"yoast_head":"<!-- This site is optimized with the Yoast SEO plugin v19.14 - https:\/\/yoast.com\/wordpress\/plugins\/seo\/ -->\n<title>Les Toiles du Court - \u00e9dition 2013 - Et pourtant \u00e7a tourne<\/title>\n<meta name=\"robots\" content=\"index, follow, max-snippet:-1, max-image-preview:large, max-video-preview:-1\" \/>\n<link rel=\"canonical\" href=\"https:\/\/etpourtantcatourne.corsica\/index.php\/2013\/06\/13\/les-toiles-du-court-edition-2013\/\" \/>\n<meta property=\"og:locale\" content=\"fr_FR\" \/>\n<meta property=\"og:type\" content=\"article\" \/>\n<meta property=\"og:title\" content=\"Les Toiles du Court - \u00e9dition 2013 - Et pourtant \u00e7a tourne\" \/>\n<meta property=\"og:description\" content=\"Duis ornare, est at lobortis mollis - libero mollis facilisis dolorus urabitur orci, vitae congue neque lectus neque. Aliquam lorem ipsum amet dolor ultrices erat.\" \/>\n<meta property=\"og:url\" content=\"https:\/\/etpourtantcatourne.corsica\/index.php\/2013\/06\/13\/les-toiles-du-court-edition-2013\/\" \/>\n<meta property=\"og:site_name\" content=\"Et pourtant \u00e7a tourne\" \/>\n<meta property=\"article:publisher\" content=\"https:\/\/www.facebook.com\/epct.etpourtantcatourne\/\" \/>\n<meta property=\"article:published_time\" content=\"2013-06-13T13:09:13+00:00\" \/>\n<meta property=\"article:modified_time\" content=\"2022-08-22T13:20:00+00:00\" \/>\n<meta property=\"og:image\" content=\"https:\/\/etpourtantcatourne.corsica\/www\/wp-content\/uploads\/2022\/08\/bandeau-ltdc-2013-257.jpg\" \/>\n\t<meta property=\"og:image:width\" content=\"400\" \/>\n\t<meta property=\"og:image:height\" content=\"257\" \/>\n\t<meta property=\"og:image:type\" content=\"image\/jpeg\" \/>\n<meta name=\"author\" content=\"Benjamin\" \/>\n<meta name=\"twitter:card\" content=\"summary_large_image\" \/>\n<meta name=\"twitter:label1\" content=\"\u00c9crit par\" \/>\n\t<meta name=\"twitter:data1\" content=\"Benjamin\" \/>\n\t<meta name=\"twitter:label2\" content=\"Dur\u00e9e de lecture estim\u00e9e\" \/>\n\t<meta name=\"twitter:data2\" content=\"2 minutes\" \/>\n<script type=\"application\/ld+json\" class=\"yoast-schema-graph\">{\"@context\":\"https:\/\/schema.org\",\"@graph\":[{\"@type\":\"Article\",\"@id\":\"https:\/\/etpourtantcatourne.corsica\/index.php\/2013\/06\/13\/les-toiles-du-court-edition-2013\/#article\",\"isPartOf\":{\"@id\":\"https:\/\/etpourtantcatourne.corsica\/index.php\/2013\/06\/13\/les-toiles-du-court-edition-2013\/\"},\"author\":{\"name\":\"Benjamin\",\"@id\":\"https:\/\/etpourtantcatourne.corsica\/#\/schema\/person\/21665a3727dfb12a5a57e703ca480c9a\"},\"headline\":\"Les Toiles du Court - \u00e9dition 2013\",\"datePublished\":\"2013-06-13T13:09:13+00:00\",\"dateModified\":\"2022-08-22T13:20:00+00:00\",\"mainEntityOfPage\":{\"@id\":\"https:\/\/etpourtantcatourne.corsica\/index.php\/2013\/06\/13\/les-toiles-du-court-edition-2013\/\"},\"wordCount\":374,\"commentCount\":0,\"publisher\":{\"@id\":\"https:\/\/etpourtantcatourne.corsica\/#organization\"},\"articleSection\":[\"2013\"],\"inLanguage\":\"fr-FR\",\"potentialAction\":[{\"@type\":\"CommentAction\",\"name\":\"Comment\",\"target\":[\"https:\/\/etpourtantcatourne.corsica\/index.php\/2013\/06\/13\/les-toiles-du-court-edition-2013\/#respond\"]}]},{\"@type\":\"WebPage\",\"@id\":\"https:\/\/etpourtantcatourne.corsica\/index.php\/2013\/06\/13\/les-toiles-du-court-edition-2013\/\",\"url\":\"https:\/\/etpourtantcatourne.corsica\/index.php\/2013\/06\/13\/les-toiles-du-court-edition-2013\/\",\"name\":\"Les Toiles du Court - \u00e9dition 2013 - Et pourtant \u00e7a tourne\",\"isPartOf\":{\"@id\":\"https:\/\/etpourtantcatourne.corsica\/#website\"},\"datePublished\":\"2013-06-13T13:09:13+00:00\",\"dateModified\":\"2022-08-22T13:20:00+00:00\",\"breadcrumb\":{\"@id\":\"https:\/\/etpourtantcatourne.corsica\/index.php\/2013\/06\/13\/les-toiles-du-court-edition-2013\/#breadcrumb\"},\"inLanguage\":\"fr-FR\",\"potentialAction\":[{\"@type\":\"ReadAction\",\"target\":[\"https:\/\/etpourtantcatourne.corsica\/index.php\/2013\/06\/13\/les-toiles-du-court-edition-2013\/\"]}]},{\"@type\":\"BreadcrumbList\",\"@id\":\"https:\/\/etpourtantcatourne.corsica\/index.php\/2013\/06\/13\/les-toiles-du-court-edition-2013\/#breadcrumb\",\"itemListElement\":[{\"@type\":\"ListItem\",\"position\":1,\"name\":\"Accueil\",\"item\":\"https:\/\/etpourtantcatourne.corsica\/\"},{\"@type\":\"ListItem\",\"position\":2,\"name\":\"Les Toiles du Court &#8211; \u00e9dition 2013\"}]},{\"@type\":\"WebSite\",\"@id\":\"https:\/\/etpourtantcatourne.corsica\/#website\",\"url\":\"https:\/\/etpourtantcatourne.corsica\/\",\"name\":\"Et pourtant \u00e7a tourne\",\"description\":\"\",\"publisher\":{\"@id\":\"https:\/\/etpourtantcatourne.corsica\/#organization\"},\"potentialAction\":[{\"@type\":\"SearchAction\",\"target\":{\"@type\":\"EntryPoint\",\"urlTemplate\":\"https:\/\/etpourtantcatourne.corsica\/?s={search_term_string}\"},\"query-input\":\"required name=search_term_string\"}],\"inLanguage\":\"fr-FR\"},{\"@type\":\"Organization\",\"@id\":\"https:\/\/etpourtantcatourne.corsica\/#organization\",\"name\":\"Et pourtant \u00e7a tourne\",\"url\":\"https:\/\/etpourtantcatourne.corsica\/\",\"logo\":{\"@type\":\"ImageObject\",\"inLanguage\":\"fr-FR\",\"@id\":\"https:\/\/etpourtantcatourne.corsica\/#\/schema\/logo\/image\/\",\"url\":\"https:\/\/etpourtantcatourne.corsica\/www\/wp-content\/uploads\/2023\/01\/etpourtantcatourne-1920-1.jpg\",\"contentUrl\":\"https:\/\/etpourtantcatourne.corsica\/www\/wp-content\/uploads\/2023\/01\/etpourtantcatourne-1920-1.jpg\",\"width\":779,\"height\":557,\"caption\":\"Et pourtant \u00e7a tourne\"},\"image\":{\"@id\":\"https:\/\/etpourtantcatourne.corsica\/#\/schema\/logo\/image\/\"},\"sameAs\":[\"https:\/\/www.facebook.com\/epct.etpourtantcatourne\/\"]},{\"@type\":\"Person\",\"@id\":\"https:\/\/etpourtantcatourne.corsica\/#\/schema\/person\/21665a3727dfb12a5a57e703ca480c9a\",\"name\":\"Benjamin\",\"image\":{\"@type\":\"ImageObject\",\"inLanguage\":\"fr-FR\",\"@id\":\"https:\/\/etpourtantcatourne.corsica\/#\/schema\/person\/image\/\",\"url\":\"https:\/\/secure.gravatar.com\/avatar\/b65e1b462424c1592234e2745923954dd1955479b6631966d05e1ad007b4439d?s=96&d=mm&r=g\",\"contentUrl\":\"https:\/\/secure.gravatar.com\/avatar\/b65e1b462424c1592234e2745923954dd1955479b6631966d05e1ad007b4439d?s=96&d=mm&r=g\",\"caption\":\"Benjamin\"},\"url\":\"https:\/\/etpourtantcatourne.corsica\/index.php\/author\/tako\/\"}]}<\/script>\n<!-- \/ Yoast SEO plugin. -->","yoast_head_json":{"title":"Les Toiles du Court - \u00e9dition 2013 - Et pourtant \u00e7a tourne","robots":{"index":"index","follow":"follow","max-snippet":"max-snippet:-1","max-image-preview":"max-image-preview:large","max-video-preview":"max-video-preview:-1"},"canonical":"https:\/\/etpourtantcatourne.corsica\/index.php\/2013\/06\/13\/les-toiles-du-court-edition-2013\/","og_locale":"fr_FR","og_type":"article","og_title":"Les Toiles du Court - \u00e9dition 2013 - Et pourtant \u00e7a tourne","og_description":"Duis ornare, est at lobortis mollis - libero mollis facilisis dolorus urabitur orci, vitae congue neque lectus neque. Aliquam lorem ipsum amet dolor ultrices erat.","og_url":"https:\/\/etpourtantcatourne.corsica\/index.php\/2013\/06\/13\/les-toiles-du-court-edition-2013\/","og_site_name":"Et pourtant \u00e7a tourne","article_publisher":"https:\/\/www.facebook.com\/epct.etpourtantcatourne\/","article_published_time":"2013-06-13T13:09:13+00:00","article_modified_time":"2022-08-22T13:20:00+00:00","og_image":[{"width":400,"height":257,"url":"https:\/\/etpourtantcatourne.corsica\/www\/wp-content\/uploads\/2022\/08\/bandeau-ltdc-2013-257.jpg","type":"image\/jpeg"}],"author":"Benjamin","twitter_card":"summary_large_image","twitter_misc":{"\u00c9crit par":"Benjamin","Dur\u00e9e de lecture estim\u00e9e":"2 minutes"},"schema":{"@context":"https:\/\/schema.org","@graph":[{"@type":"Article","@id":"https:\/\/etpourtantcatourne.corsica\/index.php\/2013\/06\/13\/les-toiles-du-court-edition-2013\/#article","isPartOf":{"@id":"https:\/\/etpourtantcatourne.corsica\/index.php\/2013\/06\/13\/les-toiles-du-court-edition-2013\/"},"author":{"name":"Benjamin","@id":"https:\/\/etpourtantcatourne.corsica\/#\/schema\/person\/21665a3727dfb12a5a57e703ca480c9a"},"headline":"Les Toiles du Court - \u00e9dition 2013","datePublished":"2013-06-13T13:09:13+00:00","dateModified":"2022-08-22T13:20:00+00:00","mainEntityOfPage":{"@id":"https:\/\/etpourtantcatourne.corsica\/index.php\/2013\/06\/13\/les-toiles-du-court-edition-2013\/"},"wordCount":374,"commentCount":0,"publisher":{"@id":"https:\/\/etpourtantcatourne.corsica\/#organization"},"articleSection":["2013"],"inLanguage":"fr-FR","potentialAction":[{"@type":"CommentAction","name":"Comment","target":["https:\/\/etpourtantcatourne.corsica\/index.php\/2013\/06\/13\/les-toiles-du-court-edition-2013\/#respond"]}]},{"@type":"WebPage","@id":"https:\/\/etpourtantcatourne.corsica\/index.php\/2013\/06\/13\/les-toiles-du-court-edition-2013\/","url":"https:\/\/etpourtantcatourne.corsica\/index.php\/2013\/06\/13\/les-toiles-du-court-edition-2013\/","name":"Les Toiles du Court - \u00e9dition 2013 - Et pourtant \u00e7a tourne","isPartOf":{"@id":"https:\/\/etpourtantcatourne.corsica\/#website"},"datePublished":"2013-06-13T13:09:13+00:00","dateModified":"2022-08-22T13:20:00+00:00","breadcrumb":{"@id":"https:\/\/etpourtantcatourne.corsica\/index.php\/2013\/06\/13\/les-toiles-du-court-edition-2013\/#breadcrumb"},"inLanguage":"fr-FR","potentialAction":[{"@type":"ReadAction","target":["https:\/\/etpourtantcatourne.corsica\/index.php\/2013\/06\/13\/les-toiles-du-court-edition-2013\/"]}]},{"@type":"BreadcrumbList","@id":"https:\/\/etpourtantcatourne.corsica\/index.php\/2013\/06\/13\/les-toiles-du-court-edition-2013\/#breadcrumb","itemListElement":[{"@type":"ListItem","position":1,"name":"Accueil","item":"https:\/\/etpourtantcatourne.corsica\/"},{"@type":"ListItem","position":2,"name":"Les Toiles du Court &#8211; \u00e9dition 2013"}]},{"@type":"WebSite","@id":"https:\/\/etpourtantcatourne.corsica\/#website","url":"https:\/\/etpourtantcatourne.corsica\/","name":"Et pourtant \u00e7a tourne","description":"","publisher":{"@id":"https:\/\/etpourtantcatourne.corsica\/#organization"},"potentialAction":[{"@type":"SearchAction","target":{"@type":"EntryPoint","urlTemplate":"https:\/\/etpourtantcatourne.corsica\/?s={search_term_string}"},"query-input":"required name=search_term_string"}],"inLanguage":"fr-FR"},{"@type":"Organization","@id":"https:\/\/etpourtantcatourne.corsica\/#organization","name":"Et pourtant \u00e7a tourne","url":"https:\/\/etpourtantcatourne.corsica\/","logo":{"@type":"ImageObject","inLanguage":"fr-FR","@id":"https:\/\/etpourtantcatourne.corsica\/#\/schema\/logo\/image\/","url":"https:\/\/etpourtantcatourne.corsica\/www\/wp-content\/uploads\/2023\/01\/etpourtantcatourne-1920-1.jpg","contentUrl":"https:\/\/etpourtantcatourne.corsica\/www\/wp-content\/uploads\/2023\/01\/etpourtantcatourne-1920-1.jpg","width":779,"height":557,"caption":"Et pourtant \u00e7a tourne"},"image":{"@id":"https:\/\/etpourtantcatourne.corsica\/#\/schema\/logo\/image\/"},"sameAs":["https:\/\/www.facebook.com\/epct.etpourtantcatourne\/"]},{"@type":"Person","@id":"https:\/\/etpourtantcatourne.corsica\/#\/schema\/person\/21665a3727dfb12a5a57e703ca480c9a","name":"Benjamin","image":{"@type":"ImageObject","inLanguage":"fr-FR","@id":"https:\/\/etpourtantcatourne.corsica\/#\/schema\/person\/image\/","url":"https:\/\/secure.gravatar.com\/avatar\/b65e1b462424c1592234e2745923954dd1955479b6631966d05e1ad007b4439d?s=96&d=mm&r=g","contentUrl":"https:\/\/secure.gravatar.com\/avatar\/b65e1b462424c1592234e2745923954dd1955479b6631966d05e1ad007b4439d?s=96&d=mm&r=g","caption":"Benjamin"},"url":"https:\/\/etpourtantcatourne.corsica\/index.php\/author\/tako\/"}]}},"_links":{"self":[{"href":"https:\/\/etpourtantcatourne.corsica\/index.php\/wp-json\/wp\/v2\/posts\/58290","targetHints":{"allow":["GET"]}}],"collection":[{"href":"https:\/\/etpourtantcatourne.corsica\/index.php\/wp-json\/wp\/v2\/posts"}],"about":[{"href":"https:\/\/etpourtantcatourne.corsica\/index.php\/wp-json\/wp\/v2\/types\/post"}],"author":[{"embeddable":true,"href":"https:\/\/etpourtantcatourne.corsica\/index.php\/wp-json\/wp\/v2\/users\/2"}],"replies":[{"embeddable":true,"href":"https:\/\/etpourtantcatourne.corsica\/index.php\/wp-json\/wp\/v2\/comments?post=58290"}],"version-history":[{"count":1,"href":"https:\/\/etpourtantcatourne.corsica\/index.php\/wp-json\/wp\/v2\/posts\/58290\/revisions"}],"predecessor-version":[{"id":58292,"href":"https:\/\/etpourtantcatourne.corsica\/index.php\/wp-json\/wp\/v2\/posts\/58290\/revisions\/58292"}],"wp:featuredmedia":[{"embeddable":true,"href":"https:\/\/etpourtantcatourne.corsica\/index.php\/wp-json\/wp\/v2\/media\/58291"}],"wp:attachment":[{"href":"https:\/\/etpourtantcatourne.corsica\/index.php\/wp-json\/wp\/v2\/media?parent=58290"}],"wp:term":[{"taxonomy":"category","embeddable":true,"href":"https:\/\/etpourtantcatourne.corsica\/index.php\/wp-json\/wp\/v2\/categories?post=58290"},{"taxonomy":"post_tag","embeddable":true,"href":"https:\/\/etpourtantcatourne.corsica\/index.php\/wp-json\/wp\/v2\/tags?post=58290"}],"curies":[{"name":"wp","href":"https:\/\/api.w.org\/{rel}","templated":true}]}}