{"id":58024,"date":"2017-06-13T11:47:39","date_gmt":"2017-06-13T09:47:39","guid":{"rendered":"http:\/\/gjughcs.cluster031.hosting.ovh.net\/?p=58024"},"modified":"2022-08-19T11:52:22","modified_gmt":"2022-08-19T09:52:22","slug":"je-danserai-si-je-veux","status":"publish","type":"post","link":"https:\/\/etpourtantcatourne.corsica\/index.php\/2017\/06\/13\/je-danserai-si-je-veux\/","title":{"rendered":"Je Danserai Si Je Veux"},"content":{"rendered":"<p>[vc_row][vc_column][vc_empty_space height=\"30px\"]<div id=\"ultimate-heading-771569f259c0c948b\" class=\"uvc-heading ult-adjust-bottom-margin ultimate-heading-771569f259c0c948b uvc-9916  uvc-heading-default-font-sizes\" data-hspacer=\"no_spacer\"  data-halign=\"center\" style=\"text-align:center\"><div class=\"uvc-heading-spacer no_spacer\" style=\"top\"><\/div><div class=\"uvc-main-heading ult-responsive\"  data-ultimate-target='.uvc-heading.ultimate-heading-771569f259c0c948b h2'  data-responsive-json-new='{\"font-size\":\"\",\"line-height\":\"\"}' ><h2 style=\"--font-weight:theme;\">Je Danserai Si Je Veux<\/h2><\/div><\/div>[vc_empty_space height=\"40px\"][vc_column_text]Le der de der avant de prendre nos quartiers d'\u00e9t\u00e9 ?<br \/>\nEn attendant le r\u00e9tablissement d'<strong>Amos Gita\u00ef<\/strong> pour l'hiver prochain (et d'autres beaux projets \u00e0 venir), nous pensons finir l'ann\u00e9e avec un tr\u00e8s beau film Israelo-Palestiennien:<br \/>\n<strong>JE DANSERAI SI JE VEUX<\/strong>, r\u00e9compens\u00e9 de 12 prix. Le mardi soir 13 juin ![\/vc_column_text][\/vc_column][\/vc_row][vc_row equal_height=\"yes\" content_placement=\"middle\" type=\"vc_default\"][vc_column width=\"1\/2\" css=\".vc_custom_1474103048679{padding-bottom: 50px !important;}\" offset=\"vc_hidden-xs\"][vc_single_image image=\"58025\" img_size=\"full\" alignment=\"center\" onclick=\"link_image\" lazy_loading=\"true\" css=\".vc_custom_1660902523010{margin-top: 5px !important;}\"][\/vc_column][vc_column width=\"1\/2\" css=\".vc_custom_1474102511508{padding-bottom: 50px !important;}\"][vc_column_text]Date de sortie: 12 avril 2017 (1h 42min)<br \/>\nDe: Maysaloun Hamoud<br \/>\nAvec: Mouna Hawa, Sana Jammelieh, Shaden Kanboura<br \/>\nGenre: Drame<br \/>\nNationalit\u00e9s: Palestinien, Isra\u00e9lien, Fran\u00e7ais<br \/>\nTitre original: Bar Bahar[\/vc_column_text][vc_column_text]<\/p>\n<h4>Synopsis et d\u00e9tails<\/h4>\n<p>Layla, Salma et Nour, 3 jeunes femmes palestiniennes, partagent un appartement \u00e0 Tel Aviv, loin du carcan de leurs villes d'origine et \u00e0 l'abri des regards r\u00e9probateurs. Mais le chemin vers la libert\u00e9 est jalonn\u00e9 d'\u00e9preuves<\/p>\n<p><em>Avec quelques exc\u00e8s,le film montre bien la difficult\u00e9 de vivre entre les 2 cultures, non pas juive et arabe, mais arabe moderne permis dans la soci\u00e9t\u00e9 isra\u00e9lienne et traditionnelle. Le titre fran\u00e7ais sert moins bien l'objet du film que le titre original (In Between) Les 3 actrices sont excellentes, ainsi que les personnages de la famille. Un coup de poing pour finir notre ann\u00e9e comme il se doit !<\/em>[\/vc_column_text][\/vc_column][\/vc_row][vc_row css=\".vc_custom_1651842163901{margin-top: -20px !important;}\"][vc_column][vc_column_text]<\/p>\n<h5 style=\"text-align: center;\">Bande d'annonce<\/h5>\n<div id=\"blogvision\"><iframe style=\"width: 640px; height: 360px;\" src=\"https:\/\/player.allocine.fr\/19568537.html\"><\/iframe><\/div>\n<p>[\/vc_column_text][\/vc_column][\/vc_row]<\/p>\n","protected":false},"excerpt":{"rendered":"<p>Duis ornare, est at lobortis mollis - libero mollis  facilisis dolorus urabitur orci, vitae congue neque lectus neque. Aliquam lorem ipsum amet dolor ultrices erat.<\/p>\n","protected":false},"author":2,"featured_media":58025,"comment_status":"open","ping_status":"open","sticky":false,"template":"","format":"standard","meta":{"footnotes":""},"categories":[529],"tags":[],"class_list":{"0":"post-58024","1":"post","2":"type-post","3":"status-publish","4":"format-standard","5":"has-post-thumbnail","6":"hentry","7":"category-529","9":"description-off"},"yoast_head":"<!-- This site is optimized with the Yoast SEO plugin v19.14 - https:\/\/yoast.com\/wordpress\/plugins\/seo\/ -->\n<title>Je Danserai Si Je Veux - Et pourtant \u00e7a tourne<\/title>\n<meta name=\"robots\" content=\"index, follow, max-snippet:-1, max-image-preview:large, max-video-preview:-1\" \/>\n<link rel=\"canonical\" href=\"https:\/\/etpourtantcatourne.corsica\/index.php\/2017\/06\/13\/je-danserai-si-je-veux\/\" \/>\n<meta property=\"og:locale\" content=\"fr_FR\" \/>\n<meta property=\"og:type\" content=\"article\" \/>\n<meta property=\"og:title\" content=\"Je Danserai Si Je Veux - Et pourtant \u00e7a tourne\" \/>\n<meta property=\"og:description\" content=\"Duis ornare, est at lobortis mollis - libero mollis facilisis dolorus urabitur orci, vitae congue neque lectus neque. Aliquam lorem ipsum amet dolor ultrices erat.\" \/>\n<meta property=\"og:url\" content=\"https:\/\/etpourtantcatourne.corsica\/index.php\/2017\/06\/13\/je-danserai-si-je-veux\/\" \/>\n<meta property=\"og:site_name\" content=\"Et pourtant \u00e7a tourne\" \/>\n<meta property=\"article:publisher\" content=\"https:\/\/www.facebook.com\/epct.etpourtantcatourne\/\" \/>\n<meta property=\"article:published_time\" content=\"2017-06-13T09:47:39+00:00\" \/>\n<meta property=\"article:modified_time\" content=\"2022-08-19T09:52:22+00:00\" \/>\n<meta property=\"og:image\" content=\"https:\/\/etpourtantcatourne.corsica\/www\/wp-content\/uploads\/2022\/08\/jedanseraisijeveux.jpg\" \/>\n\t<meta property=\"og:image:width\" content=\"305\" \/>\n\t<meta property=\"og:image:height\" content=\"400\" \/>\n\t<meta property=\"og:image:type\" content=\"image\/jpeg\" \/>\n<meta name=\"author\" content=\"Benjamin\" \/>\n<meta name=\"twitter:card\" content=\"summary_large_image\" \/>\n<meta name=\"twitter:label1\" content=\"\u00c9crit par\" \/>\n\t<meta name=\"twitter:data1\" content=\"Benjamin\" \/>\n\t<meta name=\"twitter:label2\" content=\"Dur\u00e9e de lecture estim\u00e9e\" \/>\n\t<meta name=\"twitter:data2\" content=\"2 minutes\" \/>\n<script type=\"application\/ld+json\" class=\"yoast-schema-graph\">{\"@context\":\"https:\/\/schema.org\",\"@graph\":[{\"@type\":\"Article\",\"@id\":\"https:\/\/etpourtantcatourne.corsica\/index.php\/2017\/06\/13\/je-danserai-si-je-veux\/#article\",\"isPartOf\":{\"@id\":\"https:\/\/etpourtantcatourne.corsica\/index.php\/2017\/06\/13\/je-danserai-si-je-veux\/\"},\"author\":{\"name\":\"Benjamin\",\"@id\":\"https:\/\/etpourtantcatourne.corsica\/#\/schema\/person\/21665a3727dfb12a5a57e703ca480c9a\"},\"headline\":\"Je Danserai Si Je Veux\",\"datePublished\":\"2017-06-13T09:47:39+00:00\",\"dateModified\":\"2022-08-19T09:52:22+00:00\",\"mainEntityOfPage\":{\"@id\":\"https:\/\/etpourtantcatourne.corsica\/index.php\/2017\/06\/13\/je-danserai-si-je-veux\/\"},\"wordCount\":329,\"commentCount\":0,\"publisher\":{\"@id\":\"https:\/\/etpourtantcatourne.corsica\/#organization\"},\"articleSection\":[\"2017\"],\"inLanguage\":\"fr-FR\",\"potentialAction\":[{\"@type\":\"CommentAction\",\"name\":\"Comment\",\"target\":[\"https:\/\/etpourtantcatourne.corsica\/index.php\/2017\/06\/13\/je-danserai-si-je-veux\/#respond\"]}]},{\"@type\":\"WebPage\",\"@id\":\"https:\/\/etpourtantcatourne.corsica\/index.php\/2017\/06\/13\/je-danserai-si-je-veux\/\",\"url\":\"https:\/\/etpourtantcatourne.corsica\/index.php\/2017\/06\/13\/je-danserai-si-je-veux\/\",\"name\":\"Je Danserai Si Je Veux - Et pourtant \u00e7a tourne\",\"isPartOf\":{\"@id\":\"https:\/\/etpourtantcatourne.corsica\/#website\"},\"datePublished\":\"2017-06-13T09:47:39+00:00\",\"dateModified\":\"2022-08-19T09:52:22+00:00\",\"breadcrumb\":{\"@id\":\"https:\/\/etpourtantcatourne.corsica\/index.php\/2017\/06\/13\/je-danserai-si-je-veux\/#breadcrumb\"},\"inLanguage\":\"fr-FR\",\"potentialAction\":[{\"@type\":\"ReadAction\",\"target\":[\"https:\/\/etpourtantcatourne.corsica\/index.php\/2017\/06\/13\/je-danserai-si-je-veux\/\"]}]},{\"@type\":\"BreadcrumbList\",\"@id\":\"https:\/\/etpourtantcatourne.corsica\/index.php\/2017\/06\/13\/je-danserai-si-je-veux\/#breadcrumb\",\"itemListElement\":[{\"@type\":\"ListItem\",\"position\":1,\"name\":\"Accueil\",\"item\":\"https:\/\/etpourtantcatourne.corsica\/\"},{\"@type\":\"ListItem\",\"position\":2,\"name\":\"Je Danserai Si Je Veux\"}]},{\"@type\":\"WebSite\",\"@id\":\"https:\/\/etpourtantcatourne.corsica\/#website\",\"url\":\"https:\/\/etpourtantcatourne.corsica\/\",\"name\":\"Et pourtant \u00e7a tourne\",\"description\":\"\",\"publisher\":{\"@id\":\"https:\/\/etpourtantcatourne.corsica\/#organization\"},\"potentialAction\":[{\"@type\":\"SearchAction\",\"target\":{\"@type\":\"EntryPoint\",\"urlTemplate\":\"https:\/\/etpourtantcatourne.corsica\/?s={search_term_string}\"},\"query-input\":\"required name=search_term_string\"}],\"inLanguage\":\"fr-FR\"},{\"@type\":\"Organization\",\"@id\":\"https:\/\/etpourtantcatourne.corsica\/#organization\",\"name\":\"Et pourtant \u00e7a tourne\",\"url\":\"https:\/\/etpourtantcatourne.corsica\/\",\"logo\":{\"@type\":\"ImageObject\",\"inLanguage\":\"fr-FR\",\"@id\":\"https:\/\/etpourtantcatourne.corsica\/#\/schema\/logo\/image\/\",\"url\":\"https:\/\/etpourtantcatourne.corsica\/www\/wp-content\/uploads\/2023\/01\/etpourtantcatourne-1920-1.jpg\",\"contentUrl\":\"https:\/\/etpourtantcatourne.corsica\/www\/wp-content\/uploads\/2023\/01\/etpourtantcatourne-1920-1.jpg\",\"width\":779,\"height\":557,\"caption\":\"Et pourtant \u00e7a tourne\"},\"image\":{\"@id\":\"https:\/\/etpourtantcatourne.corsica\/#\/schema\/logo\/image\/\"},\"sameAs\":[\"https:\/\/www.facebook.com\/epct.etpourtantcatourne\/\"]},{\"@type\":\"Person\",\"@id\":\"https:\/\/etpourtantcatourne.corsica\/#\/schema\/person\/21665a3727dfb12a5a57e703ca480c9a\",\"name\":\"Benjamin\",\"image\":{\"@type\":\"ImageObject\",\"inLanguage\":\"fr-FR\",\"@id\":\"https:\/\/etpourtantcatourne.corsica\/#\/schema\/person\/image\/\",\"url\":\"https:\/\/secure.gravatar.com\/avatar\/b65e1b462424c1592234e2745923954dd1955479b6631966d05e1ad007b4439d?s=96&d=mm&r=g\",\"contentUrl\":\"https:\/\/secure.gravatar.com\/avatar\/b65e1b462424c1592234e2745923954dd1955479b6631966d05e1ad007b4439d?s=96&d=mm&r=g\",\"caption\":\"Benjamin\"},\"url\":\"https:\/\/etpourtantcatourne.corsica\/index.php\/author\/tako\/\"}]}<\/script>\n<!-- \/ Yoast SEO plugin. -->","yoast_head_json":{"title":"Je Danserai Si Je Veux - Et pourtant \u00e7a tourne","robots":{"index":"index","follow":"follow","max-snippet":"max-snippet:-1","max-image-preview":"max-image-preview:large","max-video-preview":"max-video-preview:-1"},"canonical":"https:\/\/etpourtantcatourne.corsica\/index.php\/2017\/06\/13\/je-danserai-si-je-veux\/","og_locale":"fr_FR","og_type":"article","og_title":"Je Danserai Si Je Veux - Et pourtant \u00e7a tourne","og_description":"Duis ornare, est at lobortis mollis - libero mollis facilisis dolorus urabitur orci, vitae congue neque lectus neque. Aliquam lorem ipsum amet dolor ultrices erat.","og_url":"https:\/\/etpourtantcatourne.corsica\/index.php\/2017\/06\/13\/je-danserai-si-je-veux\/","og_site_name":"Et pourtant \u00e7a tourne","article_publisher":"https:\/\/www.facebook.com\/epct.etpourtantcatourne\/","article_published_time":"2017-06-13T09:47:39+00:00","article_modified_time":"2022-08-19T09:52:22+00:00","og_image":[{"width":305,"height":400,"url":"https:\/\/etpourtantcatourne.corsica\/www\/wp-content\/uploads\/2022\/08\/jedanseraisijeveux.jpg","type":"image\/jpeg"}],"author":"Benjamin","twitter_card":"summary_large_image","twitter_misc":{"\u00c9crit par":"Benjamin","Dur\u00e9e de lecture estim\u00e9e":"2 minutes"},"schema":{"@context":"https:\/\/schema.org","@graph":[{"@type":"Article","@id":"https:\/\/etpourtantcatourne.corsica\/index.php\/2017\/06\/13\/je-danserai-si-je-veux\/#article","isPartOf":{"@id":"https:\/\/etpourtantcatourne.corsica\/index.php\/2017\/06\/13\/je-danserai-si-je-veux\/"},"author":{"name":"Benjamin","@id":"https:\/\/etpourtantcatourne.corsica\/#\/schema\/person\/21665a3727dfb12a5a57e703ca480c9a"},"headline":"Je Danserai Si Je Veux","datePublished":"2017-06-13T09:47:39+00:00","dateModified":"2022-08-19T09:52:22+00:00","mainEntityOfPage":{"@id":"https:\/\/etpourtantcatourne.corsica\/index.php\/2017\/06\/13\/je-danserai-si-je-veux\/"},"wordCount":329,"commentCount":0,"publisher":{"@id":"https:\/\/etpourtantcatourne.corsica\/#organization"},"articleSection":["2017"],"inLanguage":"fr-FR","potentialAction":[{"@type":"CommentAction","name":"Comment","target":["https:\/\/etpourtantcatourne.corsica\/index.php\/2017\/06\/13\/je-danserai-si-je-veux\/#respond"]}]},{"@type":"WebPage","@id":"https:\/\/etpourtantcatourne.corsica\/index.php\/2017\/06\/13\/je-danserai-si-je-veux\/","url":"https:\/\/etpourtantcatourne.corsica\/index.php\/2017\/06\/13\/je-danserai-si-je-veux\/","name":"Je Danserai Si Je Veux - Et pourtant \u00e7a tourne","isPartOf":{"@id":"https:\/\/etpourtantcatourne.corsica\/#website"},"datePublished":"2017-06-13T09:47:39+00:00","dateModified":"2022-08-19T09:52:22+00:00","breadcrumb":{"@id":"https:\/\/etpourtantcatourne.corsica\/index.php\/2017\/06\/13\/je-danserai-si-je-veux\/#breadcrumb"},"inLanguage":"fr-FR","potentialAction":[{"@type":"ReadAction","target":["https:\/\/etpourtantcatourne.corsica\/index.php\/2017\/06\/13\/je-danserai-si-je-veux\/"]}]},{"@type":"BreadcrumbList","@id":"https:\/\/etpourtantcatourne.corsica\/index.php\/2017\/06\/13\/je-danserai-si-je-veux\/#breadcrumb","itemListElement":[{"@type":"ListItem","position":1,"name":"Accueil","item":"https:\/\/etpourtantcatourne.corsica\/"},{"@type":"ListItem","position":2,"name":"Je Danserai Si Je Veux"}]},{"@type":"WebSite","@id":"https:\/\/etpourtantcatourne.corsica\/#website","url":"https:\/\/etpourtantcatourne.corsica\/","name":"Et pourtant \u00e7a tourne","description":"","publisher":{"@id":"https:\/\/etpourtantcatourne.corsica\/#organization"},"potentialAction":[{"@type":"SearchAction","target":{"@type":"EntryPoint","urlTemplate":"https:\/\/etpourtantcatourne.corsica\/?s={search_term_string}"},"query-input":"required name=search_term_string"}],"inLanguage":"fr-FR"},{"@type":"Organization","@id":"https:\/\/etpourtantcatourne.corsica\/#organization","name":"Et pourtant \u00e7a tourne","url":"https:\/\/etpourtantcatourne.corsica\/","logo":{"@type":"ImageObject","inLanguage":"fr-FR","@id":"https:\/\/etpourtantcatourne.corsica\/#\/schema\/logo\/image\/","url":"https:\/\/etpourtantcatourne.corsica\/www\/wp-content\/uploads\/2023\/01\/etpourtantcatourne-1920-1.jpg","contentUrl":"https:\/\/etpourtantcatourne.corsica\/www\/wp-content\/uploads\/2023\/01\/etpourtantcatourne-1920-1.jpg","width":779,"height":557,"caption":"Et pourtant \u00e7a tourne"},"image":{"@id":"https:\/\/etpourtantcatourne.corsica\/#\/schema\/logo\/image\/"},"sameAs":["https:\/\/www.facebook.com\/epct.etpourtantcatourne\/"]},{"@type":"Person","@id":"https:\/\/etpourtantcatourne.corsica\/#\/schema\/person\/21665a3727dfb12a5a57e703ca480c9a","name":"Benjamin","image":{"@type":"ImageObject","inLanguage":"fr-FR","@id":"https:\/\/etpourtantcatourne.corsica\/#\/schema\/person\/image\/","url":"https:\/\/secure.gravatar.com\/avatar\/b65e1b462424c1592234e2745923954dd1955479b6631966d05e1ad007b4439d?s=96&d=mm&r=g","contentUrl":"https:\/\/secure.gravatar.com\/avatar\/b65e1b462424c1592234e2745923954dd1955479b6631966d05e1ad007b4439d?s=96&d=mm&r=g","caption":"Benjamin"},"url":"https:\/\/etpourtantcatourne.corsica\/index.php\/author\/tako\/"}]}},"_links":{"self":[{"href":"https:\/\/etpourtantcatourne.corsica\/index.php\/wp-json\/wp\/v2\/posts\/58024","targetHints":{"allow":["GET"]}}],"collection":[{"href":"https:\/\/etpourtantcatourne.corsica\/index.php\/wp-json\/wp\/v2\/posts"}],"about":[{"href":"https:\/\/etpourtantcatourne.corsica\/index.php\/wp-json\/wp\/v2\/types\/post"}],"author":[{"embeddable":true,"href":"https:\/\/etpourtantcatourne.corsica\/index.php\/wp-json\/wp\/v2\/users\/2"}],"replies":[{"embeddable":true,"href":"https:\/\/etpourtantcatourne.corsica\/index.php\/wp-json\/wp\/v2\/comments?post=58024"}],"version-history":[{"count":1,"href":"https:\/\/etpourtantcatourne.corsica\/index.php\/wp-json\/wp\/v2\/posts\/58024\/revisions"}],"predecessor-version":[{"id":58026,"href":"https:\/\/etpourtantcatourne.corsica\/index.php\/wp-json\/wp\/v2\/posts\/58024\/revisions\/58026"}],"wp:featuredmedia":[{"embeddable":true,"href":"https:\/\/etpourtantcatourne.corsica\/index.php\/wp-json\/wp\/v2\/media\/58025"}],"wp:attachment":[{"href":"https:\/\/etpourtantcatourne.corsica\/index.php\/wp-json\/wp\/v2\/media?parent=58024"}],"wp:term":[{"taxonomy":"category","embeddable":true,"href":"https:\/\/etpourtantcatourne.corsica\/index.php\/wp-json\/wp\/v2\/categories?post=58024"},{"taxonomy":"post_tag","embeddable":true,"href":"https:\/\/etpourtantcatourne.corsica\/index.php\/wp-json\/wp\/v2\/tags?post=58024"}],"curies":[{"name":"wp","href":"https:\/\/api.w.org\/{rel}","templated":true}]}}